{"id":16119,"date":"2020-08-11T07:46:20","date_gmt":"2020-08-11T12:46:20","guid":{"rendered":"http:\/\/www.zonaroja.com.mx\/?p=16119"},"modified":"2020-08-11T07:46:24","modified_gmt":"2020-08-11T12:46:24","slug":"silencio-oficial-por-masacre-en-zoquitlan-la-sspo-mantiene-vigilancia","status":"publish","type":"post","link":"https:\/\/zonaroja.com.mx\/?p=16119","title":{"rendered":"Silencio oficial, por masacre en Zoquitl\u00e1n; la SSPO mantiene vigilancia"},"content":{"rendered":"\n<p>Redacci\u00f3n\/Zona\nRoja.<\/p>\n\n\n\n<p>Oaxaca de\nJu\u00e1rez, Oax., 11 de agosto de 2020.- La masacre de seis personas, entre ellas\ndos mujeres, en Santa Mar\u00eda Zoquitl\u00e1n, permanece en el hermetismo oficial, a 48\nhoras de los sucesos.<\/p>\n\n\n\n<p>\u00danicamente\nv\u00eda redes sociales, la Fiscal\u00eda General del Estado de Oaxaca inform\u00f3 que dio\ninicio a la Carpeta de Investigaci\u00f3n 24240\/FVCE\/TLACOLULA\/2020, por el\nmultihomicidio perpetrado el domingo en la localidad de Candelaria Yegole.<\/p>\n\n\n\n<p>No obstante,\nno se ha dado a conocer el m\u00f3vil del asesinato y el o los autores de la\nmasacre; de manera extraoficial se ha difundido que el autor intelectual o\nmaterial podr\u00eda ser un individuo de nombre Melesio A. P., lo cual no ha sido\ncorroborado por las autoridades.<\/p>\n\n\n\n<p>Mientras\ntanto, la Secretar\u00eda de Seguridad P\u00fablica de Oaxaca dio a conocer que mantiene\ndesde semanas atr\u00e1s una serie de acciones operativas y disuasivas en el municipio\nde Santa Mar\u00eda Zoquitl\u00e1n, con el objetivo de preservar el orden y la\ntranquilidad en dicha demarcaci\u00f3n.<\/p>\n\n\n\n<p>En estos\noperativos participa personal de la Polic\u00eda Estatal y de la Polic\u00eda Vial\nEstatal, en coordinaci\u00f3n con la Guardia Nacional (GN), la Secretar\u00eda de la\nDefensa Nacional (Sedena) y la Agencia Estatal de Investigaciones (AEI),\ncorporaciones que desde hace d\u00edas se encuentran en la zona realizando diversos\nrecorridos, seg\u00fan inform\u00f3.\n\nEn\nun reporte, indic\u00f3 que con estas acciones conjuntas, la Secretar\u00eda da\ncumplimiento a las instrucciones del gobierno que encabeza Alejandro Murat\nHinojosa, de mantener un Estado de Derecho, garantizando en todo momento el\nbienestar de las y los oaxaque\u00f1os\n\n\n\n<\/p>\n","protected":false},"excerpt":{"rendered":"<p>Redacci\u00f3n\/Zona Roja. Oaxaca de Ju\u00e1rez, Oax., 11 de agosto de 2020.- La masacre de seis&hellip;<\/p>\n","protected":false},"author":2,"featured_media":16120,"comment_status":"closed","ping_status":"open","sticky":false,"template":"","format":"standard","meta":{"_lmt_disableupdate":"","_lmt_disable":"","_jetpack_memberships_contains_paid_content":false,"footnotes":""},"categories":[109,47],"tags":[201],"class_list":["post-16119","post","type-post","status-publish","format-standard","has-post-thumbnail","hentry","category-minuto-a-minuto","category-zona-gris","tag-santa-maria-zoquitlan"],"jetpack_featured_media_url":"https:\/\/zonaroja.com.mx\/wp-content\/uploads\/2020\/08\/Operativos-Zoquitl\u00e1n.jpg","jetpack_sharing_enabled":true,"_links":{"self":[{"href":"https:\/\/zonaroja.com.mx\/index.php?rest_route=\/wp\/v2\/posts\/16119","targetHints":{"allow":["GET"]}}],"collection":[{"href":"https:\/\/zonaroja.com.mx\/index.php?rest_route=\/wp\/v2\/posts"}],"about":[{"href":"https:\/\/zonaroja.com.mx\/index.php?rest_route=\/wp\/v2\/types\/post"}],"author":[{"embeddable":true,"href":"https:\/\/zonaroja.com.mx\/index.php?rest_route=\/wp\/v2\/users\/2"}],"replies":[{"embeddable":true,"href":"https:\/\/zonaroja.com.mx\/index.php?rest_route=%2Fwp%2Fv2%2Fcomments&post=16119"}],"version-history":[{"count":1,"href":"https:\/\/zonaroja.com.mx\/index.php?rest_route=\/wp\/v2\/posts\/16119\/revisions"}],"predecessor-version":[{"id":16121,"href":"https:\/\/zonaroja.com.mx\/index.php?rest_route=\/wp\/v2\/posts\/16119\/revisions\/16121"}],"wp:featuredmedia":[{"embeddable":true,"href":"https:\/\/zonaroja.com.mx\/index.php?rest_route=\/wp\/v2\/media\/16120"}],"wp:attachment":[{"href":"https:\/\/zonaroja.com.mx\/index.php?rest_route=%2Fwp%2Fv2%2Fmedia&parent=16119"}],"wp:term":[{"taxonomy":"category","embeddable":true,"href":"https:\/\/zonaroja.com.mx\/index.php?rest_route=%2Fwp%2Fv2%2Fcategories&post=16119"},{"taxonomy":"post_tag","embeddable":true,"href":"https:\/\/zonaroja.com.mx\/index.php?rest_route=%2Fwp%2Fv2%2Ftags&post=16119"}],"curies":[{"name":"wp","href":"https:\/\/api.w.org\/{rel}","templated":true}]}}