{"id":16125,"date":"2020-08-11T10:08:05","date_gmt":"2020-08-11T15:08:05","guid":{"rendered":"http:\/\/www.zonaroja.com.mx\/?p=16125"},"modified":"2020-08-11T10:08:09","modified_gmt":"2020-08-11T15:08:09","slug":"retoman-guanajuato-tamaulipas-colima-tabasco-y-cdmx-ejemplo-de-oaxaca","status":"publish","type":"post","link":"https:\/\/zonaroja.com.mx\/?p=16125","title":{"rendered":"Retoman Guanajuato, Tamaulipas, Colima, Tabasco y CdMx ejemplo de Oaxaca"},"content":{"rendered":"\n<p>Redacci\u00f3n\/Zona\nRoja Cdmx.<\/p>\n\n\n\n<p>Ciudad de\nM\u00e9xico, 11 de agosto de 2020.- Diputados de Colima, Tamaulipas, Tabasco,\nGuanajuato y Ciudad de M\u00e9xico, han externado su intenci\u00f3n de presentar\niniciativas similares a la de Oaxaca, que ha sido aplaudida por la Organizaci\u00f3n\nde las Naciones Unidas, acad\u00e9micos y activistas.<\/p>\n\n\n\n<p>La semana\npasada el Congreso de Oaxaca aprob\u00f3 modificaciones a la Ley de los Derechos de\nNi\u00f1as, Ni\u00f1os y Adolescentes, para prohibir la venta de alimentos \u201cchatarra\u201d a\nmenores de edad.<\/p>\n\n\n\n<p>Con ello\nesta entidad se convirti\u00f3 en el primer estado de M\u00e9xico y de toda Am\u00e9rica\nLatina en impedir la venta, regalo, distribuci\u00f3n o cualquier forma de\nsuministro a menores de edad de bebidas azucaradas y alimentos con alto\ncontenido de az\u00facar. <\/p>\n\n\n\n<p>La norma\nproh\u00edbe la distribuci\u00f3n de \u201caquellos alimentos que excedan los l\u00edmites m\u00e1ximos\nde az\u00facares, grasas saturadas, grasas trans y sodio a\u00f1adidos, conforme a la\nNorma Oficial Mexicana correspondiente\u201d. La medida restringe tambi\u00e9n la venta\nde estos productos en escuelas de nivel b\u00e1sico y medio superior.<\/p>\n\n\n\n<p>Oaxaca ocupa\nel segundo lugar del pa\u00eds con m\u00e1s obesidad en adultos y el primer lugar con\nobesidad infantil, el 28% de las ni\u00f1as y ni\u00f1os de entre 5 y 11 a\u00f1os tienen\nexceso de peso.<\/p>\n\n\n\n<p>El 85 por\nciento de los menores de edad en M\u00e9xico consume cotidianamente bebidas\nazucaradas y el 64 por ciento frituras, dulces y postres. <\/p>\n\n\n\n<p>Las cifras\nrecientes de la pandemia se\u00f1alan que el 73 por ciento de los mexicanos que han\nmuerto por Covid-19 ten\u00edan al menos alguna enfermedad relacionada con el\nconsumo de bebidas azucaradas y alimentos ultraprocesados, inform\u00f3 la\nSecretar\u00eda de Salud.<\/p>\n\n\n\n<p>Pero las\nenfermedades relacionadas con la mala alimentaci\u00f3n ya eran un problema antes La\nUnicef ha pedido a las autoridades de todos los niveles que no acepten\ndonativos de productos ultraprocesados, d\u00e1ndole prioridad a los alimentos\nnaturales y frescos.<\/p>\n\n\n\n<p>El ejemplo\nde la entidad oaxaque\u00f1a ha sido retomado por diversos estados de la Rep\u00fablica\nMexica, as\u00ed como el Poder Legislativo federal, que ya preparan sus propias\niniciativas para regular este tipo de alimentos.<\/p>\n\n\n\n<p>En tanto, las\nc\u00e1maras empresariales se manifestaron en contra, reclamando la falta de di\u00e1logo.\n<\/p>\n\n\n\n<p>Pero adem\u00e1s\nconsideran que \u201cesta medida no genera acciones reales para atacar el problema\nde ra\u00edz\u201d. <\/p>\n\n\n\n<p>Tambi\u00e9n\naseguran que se da\u00f1ar\u00e1 a los peque\u00f1os comercios que obtienen la mayor parte de\nsus ingresos de la venta de estos productos. La Asociaci\u00f3n Nacional de Peque\u00f1os\nComerciantes (Anpec) anunci\u00f3 que pedir\u00e1 al gobierno estatal, encabezado por\nAlejandro Murat que vete o congele la medida.<\/p>\n\n\n\n<p>Por otra\nparte el 1 de octubre entrar\u00e1 en funcionamiento en M\u00e9xico el etiquetado frontal\nde advertencia, medida que productores han intentado postergar. <\/p>\n\n\n\n<p>Las\nfricciones entre la industria y el gobierno federal se han incrementado luego\nde que el Subsecretario de Salud, Hugo L\u00f3pez-Gatell, vocero oficial de en temas\nde Covid-19, ha se\u00f1alado los riesgos del consumo de comida chatarra y la\nvulnerabilidad de las personas con enfermedades cr\u00f3nicas frente al nuevo\ncoronavirus.<\/p>\n\n\n\n<p>(Con informaci\u00f3n\ndel portal Sin Embargo)<\/p>\n","protected":false},"excerpt":{"rendered":"<p>Redacci\u00f3n\/Zona Roja Cdmx. Ciudad de M\u00e9xico, 11 de agosto de 2020.- Diputados de Colima, Tamaulipas,&hellip;<\/p>\n","protected":false},"author":2,"featured_media":15947,"comment_status":"closed","ping_status":"open","sticky":false,"template":"","format":"standard","meta":{"_lmt_disableupdate":"","_lmt_disable":"","_jetpack_memberships_contains_paid_content":false,"footnotes":""},"categories":[109,46],"tags":[213,1891],"class_list":["post-16125","post","type-post","status-publish","format-standard","has-post-thumbnail","hentry","category-minuto-a-minuto","category-zona-blanca","tag-64-legislatura-de-oaxaca","tag-alimentos-chatarra-oaxaca"],"jetpack_featured_media_url":"https:\/\/zonaroja.com.mx\/wp-content\/uploads\/2020\/08\/Alimentos-chatarra-2.jpeg","jetpack_sharing_enabled":true,"_links":{"self":[{"href":"https:\/\/zonaroja.com.mx\/index.php?rest_route=\/wp\/v2\/posts\/16125","targetHints":{"allow":["GET"]}}],"collection":[{"href":"https:\/\/zonaroja.com.mx\/index.php?rest_route=\/wp\/v2\/posts"}],"about":[{"href":"https:\/\/zonaroja.com.mx\/index.php?rest_route=\/wp\/v2\/types\/post"}],"author":[{"embeddable":true,"href":"https:\/\/zonaroja.com.mx\/index.php?rest_route=\/wp\/v2\/users\/2"}],"replies":[{"embeddable":true,"href":"https:\/\/zonaroja.com.mx\/index.php?rest_route=%2Fwp%2Fv2%2Fcomments&post=16125"}],"version-history":[{"count":1,"href":"https:\/\/zonaroja.com.mx\/index.php?rest_route=\/wp\/v2\/posts\/16125\/revisions"}],"predecessor-version":[{"id":16126,"href":"https:\/\/zonaroja.com.mx\/index.php?rest_route=\/wp\/v2\/posts\/16125\/revisions\/16126"}],"wp:featuredmedia":[{"embeddable":true,"href":"https:\/\/zonaroja.com.mx\/index.php?rest_route=\/wp\/v2\/media\/15947"}],"wp:attachment":[{"href":"https:\/\/zonaroja.com.mx\/index.php?rest_route=%2Fwp%2Fv2%2Fmedia&parent=16125"}],"wp:term":[{"taxonomy":"category","embeddable":true,"href":"https:\/\/zonaroja.com.mx\/index.php?rest_route=%2Fwp%2Fv2%2Fcategories&post=16125"},{"taxonomy":"post_tag","embeddable":true,"href":"https:\/\/zonaroja.com.mx\/index.php?rest_route=%2Fwp%2Fv2%2Ftags&post=16125"}],"curies":[{"name":"wp","href":"https:\/\/api.w.org\/{rel}","templated":true}]}}