{"id":16127,"date":"2020-08-11T10:32:04","date_gmt":"2020-08-11T15:32:04","guid":{"rendered":"http:\/\/www.zonaroja.com.mx\/?p=16127"},"modified":"2020-08-11T10:32:07","modified_gmt":"2020-08-11T15:32:07","slug":"aseguran-que-rusia-ya-tiene-la-primera-vacuna-contra-el-covid-19","status":"publish","type":"post","link":"https:\/\/zonaroja.com.mx\/?p=16127","title":{"rendered":"Aseguran que Rusia ya tiene la primera vacuna contra el Covid-19"},"content":{"rendered":"\n<p>Redacci\u00f3n\/Zona\nRoja Cdmx.<\/p>\n\n\n\n<p>Ciudad de\nM\u00e9xico, 11 de agosto de 2020.- De acuerdo con el presidente de Rusia, Vladimir\nPutin, su pa\u00eds ya cuenta con la primera vacuna aprobada contra el Covid-19.<\/p>\n\n\n\n<p>Durante una\nreuni\u00f3n de gobierno, el mandatario indic\u00f3 que la vacuna fue desarrollada por el\nInstituto Gamaleya y tras dos meses de ensayos en humanos fue registrada\nexitosamente.<\/p>\n\n\n\n<p>El\npresidente ruso destac\u00f3 que una de sus dos hijas fue una de las primeras\npersonas vacunadas sin registrar ning\u00fan s\u00edntoma adverso, pues se\u00f1al\u00f3 \u201cse siente\nbien\u201d.<\/p>\n\n\n\n<p>Asimismo,\nPutin coment\u00f3 que la aprobaci\u00f3n de esta vacuna abre el camino para su uso de\nmanera masiva, mientras contin\u00faan las \u00faltimas etapas de los ensayos cl\u00ednicos.<\/p>\n\n\n\n<p>Desde la semana pasada, el gobierno de Putin anunci\u00f3 que\nestaba preparando el inicio de una vacunaci\u00f3n masiva despu\u00e9s los exitosos\nensayos de la vacuna, por lo que ahora se ha informado que esta campa\u00f1a de\nvacunaci\u00f3n podr\u00eda dar comienzo en octubre.<\/p>\n\n\n\n<p>(Informaci\u00f3n de \u201cEl Heraldo de M\u00e9xico\u201d)<\/p>\n","protected":false},"excerpt":{"rendered":"<p>Redacci\u00f3n\/Zona Roja Cdmx. Ciudad de M\u00e9xico, 11 de agosto de 2020.- De acuerdo con el&hellip;<\/p>\n","protected":false},"author":2,"featured_media":16128,"comment_status":"closed","ping_status":"open","sticky":false,"template":"","format":"standard","meta":{"_lmt_disableupdate":"","_lmt_disable":"","_jetpack_memberships_contains_paid_content":false,"footnotes":""},"categories":[109,46],"tags":[1531],"class_list":["post-16127","post","type-post","status-publish","format-standard","has-post-thumbnail","hentry","category-minuto-a-minuto","category-zona-blanca","tag-vacuna-coronavirus"],"jetpack_featured_media_url":"https:\/\/zonaroja.com.mx\/wp-content\/uploads\/2020\/08\/vacuna-covid-19.jpg","jetpack_sharing_enabled":true,"_links":{"self":[{"href":"https:\/\/zonaroja.com.mx\/index.php?rest_route=\/wp\/v2\/posts\/16127","targetHints":{"allow":["GET"]}}],"collection":[{"href":"https:\/\/zonaroja.com.mx\/index.php?rest_route=\/wp\/v2\/posts"}],"about":[{"href":"https:\/\/zonaroja.com.mx\/index.php?rest_route=\/wp\/v2\/types\/post"}],"author":[{"embeddable":true,"href":"https:\/\/zonaroja.com.mx\/index.php?rest_route=\/wp\/v2\/users\/2"}],"replies":[{"embeddable":true,"href":"https:\/\/zonaroja.com.mx\/index.php?rest_route=%2Fwp%2Fv2%2Fcomments&post=16127"}],"version-history":[{"count":1,"href":"https:\/\/zonaroja.com.mx\/index.php?rest_route=\/wp\/v2\/posts\/16127\/revisions"}],"predecessor-version":[{"id":16129,"href":"https:\/\/zonaroja.com.mx\/index.php?rest_route=\/wp\/v2\/posts\/16127\/revisions\/16129"}],"wp:featuredmedia":[{"embeddable":true,"href":"https:\/\/zonaroja.com.mx\/index.php?rest_route=\/wp\/v2\/media\/16128"}],"wp:attachment":[{"href":"https:\/\/zonaroja.com.mx\/index.php?rest_route=%2Fwp%2Fv2%2Fmedia&parent=16127"}],"wp:term":[{"taxonomy":"category","embeddable":true,"href":"https:\/\/zonaroja.com.mx\/index.php?rest_route=%2Fwp%2Fv2%2Fcategories&post=16127"},{"taxonomy":"post_tag","embeddable":true,"href":"https:\/\/zonaroja.com.mx\/index.php?rest_route=%2Fwp%2Fv2%2Ftags&post=16127"}],"curies":[{"name":"wp","href":"https:\/\/api.w.org\/{rel}","templated":true}]}}