{"id":1613,"date":"2019-06-13T22:34:39","date_gmt":"2019-06-14T03:34:39","guid":{"rendered":"http:\/\/www.zonaroja.com.mx\/?p=1613"},"modified":"2019-06-14T09:03:29","modified_gmt":"2019-06-14T14:03:29","slug":"detencion-de-3-policias-reaviva-pleito-fiscalia-vs-sspo","status":"publish","type":"post","link":"https:\/\/zonaroja.com.mx\/?p=1613","title":{"rendered":"Detenci\u00f3n de 3 polic\u00edas reaviva pleito Fiscal\u00eda vs. SSPO"},"content":{"rendered":"\n<figure class=\"wp-block-image\"><img decoding=\"async\" width=\"1024\" height=\"840\" src=\"http:\/\/www.zonaroja.com.mx\/wp-content\/uploads\/2019\/06\/5634c0b5-f69b-4910-85f6-06adaa8cd447-1024x840.jpg\" alt=\"\" class=\"wp-image-1614\" srcset=\"https:\/\/zonaroja.com.mx\/wp-content\/uploads\/2019\/06\/5634c0b5-f69b-4910-85f6-06adaa8cd447-1024x840.jpg 1024w, https:\/\/zonaroja.com.mx\/wp-content\/uploads\/2019\/06\/5634c0b5-f69b-4910-85f6-06adaa8cd447-300x246.jpg 300w, https:\/\/zonaroja.com.mx\/wp-content\/uploads\/2019\/06\/5634c0b5-f69b-4910-85f6-06adaa8cd447-768x630.jpg 768w, https:\/\/zonaroja.com.mx\/wp-content\/uploads\/2019\/06\/5634c0b5-f69b-4910-85f6-06adaa8cd447-585x480.jpg 585w, https:\/\/zonaroja.com.mx\/wp-content\/uploads\/2019\/06\/5634c0b5-f69b-4910-85f6-06adaa8cd447.jpg 1054w\" sizes=\"(max-width: 1024px) 100vw, 1024px\" \/><figcaption>Foto: Especial<\/figcaption><\/figure>\n\n\n\n<p>Redacci\u00f3n<\/p>\n\n\n\n<p>Oaxaca de\nJu\u00e1rez, Oax., a 13 de junio de 2019.- Al menos tres polic\u00edas fueron llevados hoy\nen calidad de presentados ante el Ministerio P\u00fablico, para explicar por qu\u00e9 no\ndieron parte oficial a tiempo del hallazgo de un cami\u00f3n que hab\u00eda sido robado\nayer por la madrugada.<\/p>\n\n\n\n<p>La medida\ninconform\u00f3 a la Secretar\u00eda de Seguridad P\u00fablica de Oaxaca (SSPO), que a trav\u00e9s\ndel comisionado de la Polic\u00eda Estatal, Jos\u00e9 Aniceto S\u00e1nchez Saldierna, la\ncalific\u00f3 como irregular y que en todo caso fue la autoridad ministerial la que\ntard\u00f3 en recibir el parte.<\/p>\n\n\n\n<p>Seg\u00fan los\ninformes &nbsp;policiacos, ayer por la\nmadrugada una unidad cargada de abarrotes propiedad de la empresa \u201cLa Soledad\u201d fue\nrobado al sur de la ciudad de Oaxaca y localizado m\u00e1s tarde en un taller de gr\u00faas\nen el centro de Ocotl\u00e1n de Morelos.<\/p>\n\n\n\n<p>Fueron\nelementos de la Polic\u00eda Estatal quienes realizaron el hallazgo, tras el reporte\nde los propietarios de la negociaci\u00f3n.<\/p>\n\n\n\n<p>Tambi\u00e9n se\nmovilizaron elementos de la Agencia Estatal de Investigaciones, dependiente de\nla Fiscal\u00eda General del Estado, quienes con el uso de equipo de alta\ntecnolog\u00eda, detectaron la unidad en la calle Revoluci\u00f3n de la colonia La\nEsperanza, Ocotl\u00e1n.<\/p>\n\n\n\n<p>Sin embargo,\nel due\u00f1o del taller explic\u00f3 que fueron polic\u00edas estatales quienes llevaron el\nveh\u00edculo a ese sitio para resguardarlo, lo cual corroboraron una motopatrulla e\nintegrantes de la patrulla 1718 de la corporaci\u00f3n.<\/p>\n\n\n\n<p>Las\nirregularidades que detect\u00f3 la AEI fue que el cami\u00f3n fue hallado, seg\u00fan dijeron\nlos propios polic\u00edas, a las cinco de la ma\u00f1ana, pero no dieron parte al\nMinisterio P\u00fablico ni a sus jefes policiacos, as\u00ed como cayeron en\ncontradicciones. <\/p>\n\n\n\n<p>Ante ello,\nel fiscal adscrito a Ocotl\u00e1n, gir\u00f3 oficio de presentaci\u00f3n a siete de ellos,\npero finalmente tres respondieron al citatorio para aclarar la situaci\u00f3n.<\/p>\n\n\n\n<p>VAMOS A\nDEFENDERLOS<\/p>\n\n\n\n<p>\u201cCuando se\nhace la puesta original (ante el Ministerio P\u00fablico), el fiscal la retrasa\nhasta el d\u00eda de hoy (jueves). Esto no es normal, y para eso tenemos todo el\naparato jur\u00eddico de la Secretar\u00eda de Seguridad P\u00fablica que se va a encargar de\nfincar responsabilidad a quien corresponda\u201d, dijo el comisionado al noticiario\nradiof\u00f3nico de Radio ORO.<\/p>\n\n\n\n<p>\u201cNo debe ser\nque les hayan quitado tambi\u00e9n las armas de cargo, no debe ser\u2026 El hallazgo fue\nayer y hasta el d\u00eda de hoy se dio parte, se retras\u00f3 el fisal, eso es lo que no\nest\u00e1 del todo claro, de antemano en tanto no haya una acusaci\u00f3n o prueba de un\nmal procedimiento de la Polic\u00eda Estatal, tienen todo el apoyo de la secretar\u00eda\u201d,\nexpuso.<\/p>\n\n\n\n<p>Mientras tanto,\nel chofer y dos ayudantes del tr\u00e1iler a\u00fan no han sido localizados.<\/p>\n\n\n\n<p>De acuerdo\ncon diversas fuentes informativas, los polic\u00edas involucrados en el hallazgo de\nla unidad de motor son los mismos que el a\u00f1o pasado fueron acusados de saquear\nel rancho \u201cLa Engorda\u201d en San Juan Bautista Tuxtepec, y forman parte de un\ngrupo especial al mando del titular de la Secretar\u00eda de Seguridad P\u00fablica. Los\nmismos fueron presuntamente perdonados por la Fiscal\u00eda General, tras un acuerdo\nentre ambas partes.<\/p>\n","protected":false},"excerpt":{"rendered":"<p>Redacci\u00f3n Oaxaca de Ju\u00e1rez, Oax., a 13 de junio de 2019.- Al menos tres polic\u00edas&hellip;<\/p>\n","protected":false},"author":2,"featured_media":1614,"comment_status":"closed","ping_status":"open","sticky":false,"template":"","format":"standard","meta":{"_lmt_disableupdate":"","_lmt_disable":"","_jetpack_memberships_contains_paid_content":false,"footnotes":""},"categories":[51],"tags":[59,58,107,88],"class_list":["post-1613","post","type-post","status-publish","format-standard","has-post-thumbnail","hentry","category-zona-roja","tag-fiscalia-general-del-estado","tag-oaxaca","tag-ocotlan","tag-seguridad-publica"],"jetpack_featured_media_url":"https:\/\/zonaroja.com.mx\/wp-content\/uploads\/2019\/06\/5634c0b5-f69b-4910-85f6-06adaa8cd447.jpg","jetpack_sharing_enabled":true,"_links":{"self":[{"href":"https:\/\/zonaroja.com.mx\/index.php?rest_route=\/wp\/v2\/posts\/1613","targetHints":{"allow":["GET"]}}],"collection":[{"href":"https:\/\/zonaroja.com.mx\/index.php?rest_route=\/wp\/v2\/posts"}],"about":[{"href":"https:\/\/zonaroja.com.mx\/index.php?rest_route=\/wp\/v2\/types\/post"}],"author":[{"embeddable":true,"href":"https:\/\/zonaroja.com.mx\/index.php?rest_route=\/wp\/v2\/users\/2"}],"replies":[{"embeddable":true,"href":"https:\/\/zonaroja.com.mx\/index.php?rest_route=%2Fwp%2Fv2%2Fcomments&post=1613"}],"version-history":[{"count":2,"href":"https:\/\/zonaroja.com.mx\/index.php?rest_route=\/wp\/v2\/posts\/1613\/revisions"}],"predecessor-version":[{"id":1625,"href":"https:\/\/zonaroja.com.mx\/index.php?rest_route=\/wp\/v2\/posts\/1613\/revisions\/1625"}],"wp:featuredmedia":[{"embeddable":true,"href":"https:\/\/zonaroja.com.mx\/index.php?rest_route=\/wp\/v2\/media\/1614"}],"wp:attachment":[{"href":"https:\/\/zonaroja.com.mx\/index.php?rest_route=%2Fwp%2Fv2%2Fmedia&parent=1613"}],"wp:term":[{"taxonomy":"category","embeddable":true,"href":"https:\/\/zonaroja.com.mx\/index.php?rest_route=%2Fwp%2Fv2%2Fcategories&post=1613"},{"taxonomy":"post_tag","embeddable":true,"href":"https:\/\/zonaroja.com.mx\/index.php?rest_route=%2Fwp%2Fv2%2Ftags&post=1613"}],"curies":[{"name":"wp","href":"https:\/\/api.w.org\/{rel}","templated":true}]}}