{"id":16130,"date":"2020-08-11T15:04:54","date_gmt":"2020-08-11T20:04:54","guid":{"rendered":"http:\/\/www.zonaroja.com.mx\/?p=16130"},"modified":"2020-08-11T15:04:58","modified_gmt":"2020-08-11T20:04:58","slug":"nueve-menores-contraen-covid-activan-protocolos-de-bioseguridad-en-hospital","status":"publish","type":"post","link":"https:\/\/zonaroja.com.mx\/?p=16130","title":{"rendered":"Nueve menores contraen Covid; activan protocolos de bioseguridad en hospital"},"content":{"rendered":"\n<p>Redacci\u00f3n\/ZonaRoja.<\/p>\n\n\n\n<p>Oaxaca de Ju\u00e1rez, Oax. 11 de agosto de 2020.- Los Servicios de Salud de Oaxaca (SSO) informaron que nueve menores de edad, cuatro de ellos reci\u00e9n nacidos, contrajeron Covid-19 y reciben atenci\u00f3n especializada en el \u00a0Hospital General \u201cDr. Aurelio Valdivieso\u201d.<\/p>\n\n\n\n<p>Ante ello,\nla instituci\u00f3n dependiente del Gobierno del Estado activ\u00f3 los protocolos de\nbioseguridad para la protecci\u00f3n de usuarios y el personal, detall\u00f3 en un\ncomunicado de prensa.<\/p>\n\n\n\n<p>El encargado\ndel nosocomio, Manuel S\u00e1nchez S\u00e1nchez, explic\u00f3 que se trata de cuatro reci\u00e9n\nnacidos que se encuentran aislados en el \u00e1rea de Lactantes, tres en el \u00e1rea Covid-19,\nuno en terapia Intermedia con protocolos de aislamiento. Adem\u00e1s, hay dos casos\nsospechosos que se encuentran en observaci\u00f3n en las \u00e1reas de Urgencias de\nPediatr\u00eda y Toco-Pediatr\u00eda.<\/p>\n\n\n\n<p>Expuso que\nla condici\u00f3n cl\u00ednica de los pacientes es estable, bajo vigilancia permanente y\naplicando los lineamientos de bioseguridad, para protecci\u00f3n de los usuarios de\nla unidad m\u00e9dica, as\u00ed como del personal sanitario.<\/p>\n\n\n\n<p>Precis\u00f3\ntambi\u00e9n que el Hospital Civil es un centro m\u00e9dico de concentraci\u00f3n, donde los\npacientes son referidos de todas las regiones de Oaxaca. En el caso de las\nmujeres con embarazos de alto riesgo, dijo, quienes en su mayor\u00eda necesitan\natenci\u00f3n urgente, son atendidas de manera inmediata y sin distingo.<\/p>\n\n\n\n<p>Asimismo,\nenfatiz\u00f3 que las mujeres que han dado a luz en el Hospital General y dieron\npositivo a la prueba de Covid-19, han recibido una atenci\u00f3n m\u00e9dica adecuada a\nsu caso, cumpliendo con los protocolos sanitarios.<\/p>\n\n\n\n<p>El encargado\nde la unidad hospitalaria indic\u00f3 tambi\u00e9n que hasta el momento no se ha\nreportado el fallecimiento de ning\u00fan ni\u00f1o, ni\u00f1a o reci\u00e9n nacido a consecuencia\nde la enfermedad v\u00edrica. <\/p>\n\n\n\n<p>El manejo\nm\u00e9dico desde el inici\u00f3 de la emergencia sanitaria, dijo, se ha llevado a cabo\ncon estricto apego a las normas y procedimiento oficiales, cumpliendo con las\nmedidas epidemiol\u00f3gicas adecuadas.<\/p>\n\n\n\n<p>Finalmente,\nrecalc\u00f3 que el \u00e1rea de Pediatr\u00eda sigue funcionando con normalidad, garantizando\nla atenci\u00f3n a la ni\u00f1ez oaxaque\u00f1a que requiera los servicios m\u00e9dicos; sin\nembargo, dijo que el nosocomio continuar\u00e1 reforzando los filtros sanitarios,\nas\u00ed como la vigilancia epidemiol\u00f3gica para evitar contagios.<\/p>\n","protected":false},"excerpt":{"rendered":"<p>Redacci\u00f3n\/ZonaRoja. Oaxaca de Ju\u00e1rez, Oax. 11 de agosto de 2020.- Los Servicios de Salud de&hellip;<\/p>\n","protected":false},"author":2,"featured_media":13229,"comment_status":"closed","ping_status":"open","sticky":false,"template":"","format":"standard","meta":{"_lmt_disableupdate":"","_lmt_disable":"","_jetpack_memberships_contains_paid_content":false,"footnotes":""},"categories":[109,47],"tags":[1512],"class_list":["post-16130","post","type-post","status-publish","format-standard","has-post-thumbnail","hentry","category-minuto-a-minuto","category-zona-gris","tag-coronavirus-oaxaca"],"jetpack_featured_media_url":"https:\/\/zonaroja.com.mx\/wp-content\/uploads\/2020\/06\/Hospital-Civil-Oxaca.png","jetpack_sharing_enabled":true,"_links":{"self":[{"href":"https:\/\/zonaroja.com.mx\/index.php?rest_route=\/wp\/v2\/posts\/16130","targetHints":{"allow":["GET"]}}],"collection":[{"href":"https:\/\/zonaroja.com.mx\/index.php?rest_route=\/wp\/v2\/posts"}],"about":[{"href":"https:\/\/zonaroja.com.mx\/index.php?rest_route=\/wp\/v2\/types\/post"}],"author":[{"embeddable":true,"href":"https:\/\/zonaroja.com.mx\/index.php?rest_route=\/wp\/v2\/users\/2"}],"replies":[{"embeddable":true,"href":"https:\/\/zonaroja.com.mx\/index.php?rest_route=%2Fwp%2Fv2%2Fcomments&post=16130"}],"version-history":[{"count":1,"href":"https:\/\/zonaroja.com.mx\/index.php?rest_route=\/wp\/v2\/posts\/16130\/revisions"}],"predecessor-version":[{"id":16131,"href":"https:\/\/zonaroja.com.mx\/index.php?rest_route=\/wp\/v2\/posts\/16130\/revisions\/16131"}],"wp:featuredmedia":[{"embeddable":true,"href":"https:\/\/zonaroja.com.mx\/index.php?rest_route=\/wp\/v2\/media\/13229"}],"wp:attachment":[{"href":"https:\/\/zonaroja.com.mx\/index.php?rest_route=%2Fwp%2Fv2%2Fmedia&parent=16130"}],"wp:term":[{"taxonomy":"category","embeddable":true,"href":"https:\/\/zonaroja.com.mx\/index.php?rest_route=%2Fwp%2Fv2%2Fcategories&post=16130"},{"taxonomy":"post_tag","embeddable":true,"href":"https:\/\/zonaroja.com.mx\/index.php?rest_route=%2Fwp%2Fv2%2Ftags&post=16130"}],"curies":[{"name":"wp","href":"https:\/\/api.w.org\/{rel}","templated":true}]}}