{"id":16135,"date":"2020-08-11T16:21:08","date_gmt":"2020-08-11T21:21:08","guid":{"rendered":"http:\/\/www.zonaroja.com.mx\/?p=16135"},"modified":"2020-08-11T16:21:13","modified_gmt":"2020-08-11T21:21:13","slug":"desmienten-que-cecam-tenga-presupuesto-federal-iniciaran-ciclo-en-linea","status":"publish","type":"post","link":"https:\/\/zonaroja.com.mx\/?p=16135","title":{"rendered":"Desmienten que CECAM tenga presupuesto federal; iniciar\u00e1n ciclo en l\u00ednea"},"content":{"rendered":"\n<p>Yuridiana\nSosa\/Zona Roja.<\/p>\n\n\n\n<p>Oaxaca de\nJu\u00e1rez, Oax., 11 de agosto de 2020.- Directores del Centro de Capacitaci\u00f3n\nMusical y Desarrollo de la Cultura Mixe (CECAM), con sede en Santa Mar\u00eda\nTlahuitoltepec Mixe, se\u00f1alaron que a m\u00e1s de un mes del decreto en el que se\ncrea la Comisi\u00f3n Presidencial para su reconocimiento oficial como escuela, a\u00fan\nno cuentan con el recurso financiero anunciado.<\/p>\n\n\n\n<p>El director\ngeneral de la instituci\u00f3n, Aristeo V\u00e1squez Mart\u00ednez, desminti\u00f3 la supuesta\nentrega de recursos que el gobierno federal realiz\u00f3 al CECAM para el inicio del\npr\u00f3ximo semestre, mismo que a\u00fan no tienen conocimiento cuando se efectuar\u00e1 ni\nla cantidad.<\/p>\n\n\n\n<p>Para ser\nacreedores a los recursos, dijo, todav\u00eda se encuentran en proceso de\ndocumentaci\u00f3n y el pasado 16 de julio se llev\u00f3 a cabo la primera sesi\u00f3n de la\nComisi\u00f3n Presidencial para revisar los pormenores para que el CECAM sea\nfavorecido.<\/p>\n\n\n\n<p>V\u00e1squez Mart\u00ednez, en compa\u00f1\u00eda del director art\u00edstico Luis Enrique D\u00edaz y el presidente del Consejo Directivo, Omar Gallardo Torres, subray\u00f3 como relevante realizar la aclaraci\u00f3n sobre el dinero que habr\u00edan recibido, como lo public\u00f3 un medio de comunicaci\u00f3n, pues prioriza la transparencia con su comunidad. <\/p>\n\n\n\n<figure class=\"wp-block-embed-twitter wp-block-embed is-type-rich is-provider-twitter\"><div class=\"wp-block-embed__wrapper\">\n<div class=\"twitter-tweet\"><blockquote class=\"twitter-tweet\" data-lang=\"es\"><p lang=\"es\" dir=\"ltr\"><a href=\"https:\/\/twitter.com\/hashtag\/M%C3%A9xicoGris?src=hash&amp;ref_src=twsrc%5Etfw\">#M\u00e9xicoGris<\/a><br>Directivos del Centro de Capacitaci\u00f3n Musical y de la Cultura Mixe (CECAM) precisaron que a\u00fan con el cambio de figura gubernamental por parte del <a href=\"https:\/\/twitter.com\/INPImx?ref_src=twsrc%5Etfw\">@INPImx<\/a>, hasta el momento la instituci\u00f3n no ha recibido recursos financieros. <a href=\"https:\/\/t.co\/8dycunDQCI\">pic.twitter.com\/8dycunDQCI<\/a><\/p>&mdash; Zona Roja Oaxaca (@MexRoja) <a href=\"https:\/\/twitter.com\/MexRoja\/status\/1293263024413978625?ref_src=twsrc%5Etfw\">11 de agosto de 2020<\/a><\/blockquote><\/div>\n<\/div><\/figure>\n\n\n\n<p>El pasado 26\nde junio el Diario Oficial de la Federaci\u00f3n public\u00f3 el decreto presidencial\npara formalizar el reconocimiento jur\u00eddico del CECAM, el cual tiene 43 a\u00f1os de\ncreaci\u00f3n, servicio y formaci\u00f3n musical.<\/p>\n\n\n\n<p>INICIAR\u00c1N\nCLASES EN L\u00cdNEA<\/p>\n\n\n\n<p>Los\nprofesores y alumnos del Centro de Capacitaci\u00f3n Musical y Desarrollo Cultural\nMixe (CECAM) tambi\u00e9n se unen para comenzar un nuevo ciclo escolar a distancia.<\/p>\n\n\n\n<p>El director,\nAristeo V\u00e1squez Mart\u00ednez, dijo que representa un reto para todos los\ninvolucrados, pues, aunque reconocen las limitaciones tecnol\u00f3gicas y las\ncapacidades para el manejo de las nuevas tecnolog\u00edas, deben continuar con la\nense\u00f1anza.<\/p>\n\n\n\n<p>Apunt\u00f3 que\n\u201cno es privatizar\u201d la educaci\u00f3n, s\u00f3lo es adaptarse a las circunstancias para\nprivilegiar la salud de la poblaci\u00f3n ante el covid-19. Para este nuevo ciclo\nescolar son 180 alumnos que ingresan a la educaci\u00f3n musical.<\/p>\n","protected":false},"excerpt":{"rendered":"<p>Yuridiana Sosa\/Zona Roja. Oaxaca de Ju\u00e1rez, Oax., 11 de agosto de 2020.- Directores del Centro&hellip;<\/p>\n","protected":false},"author":2,"featured_media":16136,"comment_status":"closed","ping_status":"open","sticky":false,"template":"","format":"standard","meta":{"_lmt_disableupdate":"","_lmt_disable":"","_jetpack_memberships_contains_paid_content":false,"footnotes":""},"categories":[109,47],"tags":[1798],"class_list":["post-16135","post","type-post","status-publish","format-standard","has-post-thumbnail","hentry","category-minuto-a-minuto","category-zona-gris","tag-centro-de-capacitacion-musical-y-desarrollo-cultural-mixe-cecam"],"jetpack_featured_media_url":"https:\/\/zonaroja.com.mx\/wp-content\/uploads\/2020\/08\/CECAM-Mixe.png","jetpack_sharing_enabled":true,"_links":{"self":[{"href":"https:\/\/zonaroja.com.mx\/index.php?rest_route=\/wp\/v2\/posts\/16135","targetHints":{"allow":["GET"]}}],"collection":[{"href":"https:\/\/zonaroja.com.mx\/index.php?rest_route=\/wp\/v2\/posts"}],"about":[{"href":"https:\/\/zonaroja.com.mx\/index.php?rest_route=\/wp\/v2\/types\/post"}],"author":[{"embeddable":true,"href":"https:\/\/zonaroja.com.mx\/index.php?rest_route=\/wp\/v2\/users\/2"}],"replies":[{"embeddable":true,"href":"https:\/\/zonaroja.com.mx\/index.php?rest_route=%2Fwp%2Fv2%2Fcomments&post=16135"}],"version-history":[{"count":1,"href":"https:\/\/zonaroja.com.mx\/index.php?rest_route=\/wp\/v2\/posts\/16135\/revisions"}],"predecessor-version":[{"id":16137,"href":"https:\/\/zonaroja.com.mx\/index.php?rest_route=\/wp\/v2\/posts\/16135\/revisions\/16137"}],"wp:featuredmedia":[{"embeddable":true,"href":"https:\/\/zonaroja.com.mx\/index.php?rest_route=\/wp\/v2\/media\/16136"}],"wp:attachment":[{"href":"https:\/\/zonaroja.com.mx\/index.php?rest_route=%2Fwp%2Fv2%2Fmedia&parent=16135"}],"wp:term":[{"taxonomy":"category","embeddable":true,"href":"https:\/\/zonaroja.com.mx\/index.php?rest_route=%2Fwp%2Fv2%2Fcategories&post=16135"},{"taxonomy":"post_tag","embeddable":true,"href":"https:\/\/zonaroja.com.mx\/index.php?rest_route=%2Fwp%2Fv2%2Ftags&post=16135"}],"curies":[{"name":"wp","href":"https:\/\/api.w.org\/{rel}","templated":true}]}}