{"id":16138,"date":"2020-08-12T10:00:17","date_gmt":"2020-08-12T15:00:17","guid":{"rendered":"http:\/\/www.zonaroja.com.mx\/?p=16138"},"modified":"2020-08-11T18:32:38","modified_gmt":"2020-08-11T23:32:38","slug":"fuera-hombres-de-actividades-dirigidas-a-mujeres-reclaman-feministas","status":"publish","type":"post","link":"https:\/\/zonaroja.com.mx\/?p=16138","title":{"rendered":"Fuera hombres de actividades dirigidas a mujeres, reclaman feministas"},"content":{"rendered":"\n<p>Evlin\nArag\u00f3n\/Zona Roja.<\/p>\n\n\n\n<p>Oaxaca de Ju\u00e1rez, Oax., 12 de agosto de 2020.- Por segunda ocasi\u00f3n en menos de diez d\u00edas, activistas y colectivos feministas en Oaxaca se pronunciaron en contra de actividades en l\u00ednea organizadas por dependencias estatales, dirigidas a mujeres, pero encabezadas por varones. <\/p>\n\n\n\n<p>Tal es el\ncaso del reciente curso de literatura anunciado para el pr\u00f3ximo 28 de agosto\nv\u00eda zoom, titulado \u201cLa mujer en seis autoras francesas del siglo XX\u201d,\norganizado por la Defensor\u00eda de los Derechos Humanos del Pueblo de Oaxaca (DDHPO)\ny a cargo de Jorge Pech, ex funcionario de la dependencia.&nbsp; <\/p>\n\n\n\n<p>\u201cOaxaca es\ntan incluyente y vanguardista que los \u2018onvres\u2019 nos ense\u00f1an a leer y comprender\nliteratura escrita por GRANDES MUJERES\u201d, refieren las integrantes del colectivo\nFeministas Oaxaca. <\/p>\n\n\n\n<p>De acuerdo\ncon las activistas, al interior de la DDHPO existe un \u00e1rea de g\u00e9nero con\nfeministas comprometidas que pudieron encabezar el proceso formativo que por\nsus caracter\u00edsticas no deber\u00eda estar encabezado por un var\u00f3n.&nbsp; <\/p>\n\n\n\n<p>\u201cLa\nDefensor\u00eda de Los Derechos Humanos del Pueblo de Oaxaca tiene \u00e1rea de g\u00e9nero,\nuna feminista compa\u00f1era de muchas de nosotras, \u00bfpor qu\u00e9 no decirle a la maestra\nIta Bico o a cualquiera de las mujeres que trabajan en la Defensor\u00eda que\nimparta el curso?\u201d, cuestionaron. <\/p>\n\n\n\n<p>As\u00ed mismo,\nexplicaron que en Oaxaca hay grandes escritoras, feministas reconocidas y\nactivistas que sin duda alguna podr\u00edan aportar m\u00e1s que un \u00abMACHO\u00bb,\npor lo que recriminaron al titular de la instancia, Bernardo Rodr\u00edguez\nAlamilla, el aval que dio al curso.&nbsp; <\/p>\n\n\n\n<p>\u201cBernardo\nRodr\u00edguez Alamilla el tomarte la foto con algunas feministas oaxaque\u00f1as no te\nhace aliado ni compa\u00f1ero y mucho menos FEMINISTA. &nbsp;\u00a1HOMBRES NO!\u201d, concluye la publicaci\u00f3n en sus\nredes sociales.&nbsp; <\/p>\n\n\n\n<p>Algunas\nactivistas y feministas oaxaque\u00f1as compartieron la publicaci\u00f3n y cuestionaron\nla necedad de las instancias estales de designar a varones para impartir\ncharlas, talleres o cursos en temas relacionados con las mujeres, sacando a\nflote su falta de sensibilidad en materia de g\u00e9nero y su machismo.&nbsp; <\/p>\n\n\n\n<p>\u201cQu\u00e9 pedo\ncon la Defensor\u00eda de los Derechos Humanos del Pueblo de Oaxaca mejor que dejen\nde proteger a acosadores q son cuates de las y los que trabajan ah\u00ed. Pura\npinche simulaci\u00f3n de la DDHPO\u201d.&nbsp; <\/p>\n\n\n\n<p>\u201cY as\u00ed poco\na poco justifican presupuestos con ayuda de sus cuates, en temas en lo que ni\nson especialistas, ni deber\u00edan de dar y que ni deber\u00edan tener cabida en\nespacios para defender los derechos humanos\u201d, son algunos de los comentarios de\nusuarias de la red social Facebook.&nbsp; <\/p>\n\n\n\n<p>Apenas la\nsemana pasada, feministas oaxaque\u00f1as, e incluso a nivel nacional a trav\u00e9s de\nlas redes sociales, criticaron el ciclo de ponencias sobre lactancia&nbsp; materna organizado por los Servicios de Salud\nde Oaxaca, encabezados por Donato Casas Escamilla, toda vez que el total de los\nponentes eran varones.&nbsp; <\/p>\n\n\n\n<p>Dicha acci\u00f3n\nfue calificada como violencia de g\u00e9nero por parte de la dependencia al no\nincluir a mujeres, siendo un tema que compete exclusivamente a este sector\npoblacional y a ning\u00fan otro.&nbsp; <\/p>\n","protected":false},"excerpt":{"rendered":"<p>Evlin Arag\u00f3n\/Zona Roja. Oaxaca de Ju\u00e1rez, Oax., 12 de agosto de 2020.- Por segunda ocasi\u00f3n&hellip;<\/p>\n","protected":false},"author":2,"featured_media":16139,"comment_status":"closed","ping_status":"open","sticky":false,"template":"","format":"standard","meta":{"_lmt_disableupdate":"","_lmt_disable":"","_jetpack_memberships_contains_paid_content":false,"footnotes":""},"categories":[109,47],"tags":[286,1910],"class_list":["post-16138","post","type-post","status-publish","format-standard","has-post-thumbnail","hentry","category-minuto-a-minuto","category-zona-gris","tag-defensoria-de-los-derechos-humanos-del-pueblo-de-oaxaca","tag-feministas-de-oaxaca"],"jetpack_featured_media_url":"https:\/\/zonaroja.com.mx\/wp-content\/uploads\/2020\/08\/Conferencia-DDHPO.jpg","jetpack_sharing_enabled":true,"_links":{"self":[{"href":"https:\/\/zonaroja.com.mx\/index.php?rest_route=\/wp\/v2\/posts\/16138","targetHints":{"allow":["GET"]}}],"collection":[{"href":"https:\/\/zonaroja.com.mx\/index.php?rest_route=\/wp\/v2\/posts"}],"about":[{"href":"https:\/\/zonaroja.com.mx\/index.php?rest_route=\/wp\/v2\/types\/post"}],"author":[{"embeddable":true,"href":"https:\/\/zonaroja.com.mx\/index.php?rest_route=\/wp\/v2\/users\/2"}],"replies":[{"embeddable":true,"href":"https:\/\/zonaroja.com.mx\/index.php?rest_route=%2Fwp%2Fv2%2Fcomments&post=16138"}],"version-history":[{"count":2,"href":"https:\/\/zonaroja.com.mx\/index.php?rest_route=\/wp\/v2\/posts\/16138\/revisions"}],"predecessor-version":[{"id":16141,"href":"https:\/\/zonaroja.com.mx\/index.php?rest_route=\/wp\/v2\/posts\/16138\/revisions\/16141"}],"wp:featuredmedia":[{"embeddable":true,"href":"https:\/\/zonaroja.com.mx\/index.php?rest_route=\/wp\/v2\/media\/16139"}],"wp:attachment":[{"href":"https:\/\/zonaroja.com.mx\/index.php?rest_route=%2Fwp%2Fv2%2Fmedia&parent=16138"}],"wp:term":[{"taxonomy":"category","embeddable":true,"href":"https:\/\/zonaroja.com.mx\/index.php?rest_route=%2Fwp%2Fv2%2Fcategories&post=16138"},{"taxonomy":"post_tag","embeddable":true,"href":"https:\/\/zonaroja.com.mx\/index.php?rest_route=%2Fwp%2Fv2%2Ftags&post=16138"}],"curies":[{"name":"wp","href":"https:\/\/api.w.org\/{rel}","templated":true}]}}