{"id":16142,"date":"2020-08-11T18:53:16","date_gmt":"2020-08-11T23:53:16","guid":{"rendered":"http:\/\/www.zonaroja.com.mx\/?p=16142"},"modified":"2020-08-11T18:59:23","modified_gmt":"2020-08-11T23:59:23","slug":"permanecen-las-cuotas-escolares-pese-a-la-promesa-de-la-4t","status":"publish","type":"post","link":"https:\/\/zonaroja.com.mx\/?p=16142","title":{"rendered":"Permanecen las cuotas escolares, pese a la promesa de la 4T"},"content":{"rendered":"\n<p>Evlin\nArag\u00f3n\/Zona Roja.<\/p>\n\n\n\n<p>Oaxaca de\nJu\u00e1rez, Oax., 11 de agosto de 2020.- Pese a la crisis econ\u00f3mica que se vive en\nla entidad oaxaque\u00f1a, debido a la pandemia por Covid-19, y aunque el ciclo\nescolar 2020-2021 iniciar\u00e1 a distancia y no de forma presencial, la mesa directiva\nde la Escuela Secundaria T\u00e9cnica 1, en la capital, advirti\u00f3 a padres y madres\nde familia sobre el pago de la cuota de inscripci\u00f3n.&nbsp; <\/p>\n\n\n\n<p>Mediante un\nbreve comunicado, explica que la cuota no sufrir\u00e1 ning\u00fan tipo de aumento y se\nmantendr\u00e1 en mil pesos, monto que se depositar\u00e1 en una sola cuenta\nconcentradora que se dar\u00e1 a conocer en breve, una vez que la autoridad\neducativa anuncie el regreso presencial a las aulas de clases.&nbsp; <\/p>\n\n\n\n<p>\u201cDeber\u00e1n de\nhacer dicho pago y\/o dep\u00f3sito en la cuenta que se les indique en su momento y\nas\u00ed cumplir con los lineamientos requeridos y evitar alg\u00fan contratiempo para el\nregreso a clases de todos y cas uno de los alumnos de esta instituci\u00f3n\neducativa\u201d, refiere el comunicado <\/p>\n\n\n\n<p>El cobro de\ncuotas de inscripci\u00f3n ha ocasionado el malestar de padres y madres de familia\nquienes recientemente se inconformaron ante el anuncio de un aumento en el\nmonto en la Secundaria T\u00e9cnica 64, tambi\u00e9n de la capital, el cual fue\njustificado como parte del mantenimiento y esterilizaci\u00f3n constante de la\nescuela.&nbsp;&nbsp; <\/p>\n\n\n\n<p>As\u00ed lo\ninform\u00f3 el director del plantel Abel Garc\u00eda Plataz, quien mediante un\ncomunicado fechado el 17 de julio, detall\u00f3 que la aportaci\u00f3n econ\u00f3mica ser\u00e1 de\n500 pesos conforme al acuerdo de la \u00faltima Asamblea General de Padres de\nFamilia. <\/p>\n\n\n\n<p>As\u00ed mismo,\ntutores de la Escuela Secundaria General \u201cH\u00e9roes de Chapultepec\u201d, ubicada en\ncamino antiguo a Cuil\u00e1pam de Guerrero, de Santa Cruz Xoxocotl\u00e1n, se\u00f1alaron que\nla cuota de inscripci\u00f3n 700 pesos es elevada, particularmente con las\ncondiciones econ\u00f3micas actuales y ante la incertidumbre del regreso a las\naulas.&nbsp; <\/p>\n\n\n\n<p>Ello s\u00f3lo\npor citar algunos ejemplos de las inconformidades que han derivado en 23\nexpedientes de quejas e inconformidades que padres y madres de familia han\ninterpuesto ante la Defensor\u00eda de los Derechos Humanos del Pueblo de Oaxaca,\npor cuotas impuestas en instituciones educativas del estado. <\/p>\n\n\n\n<p>Y es que el\ncobro de cuotas va en contra de lo anunciado a inicios del mes de julio por\nparte de la Secretar\u00eda de Educaci\u00f3n P\u00fablica (SEP), que dio a conocer que\ndurante el ciclo escolar 2020-2021 no se deber\u00e1n de recaudar las aportaciones\nvoluntarias en las escuelas p\u00fablicas del pa\u00eds. <\/p>\n\n\n\n<p>La\ndependencia federal se\u00f1al\u00f3 que, en caso de que haya sido realizado alg\u00fan pago\ncorrespondiente al pr\u00f3ximo a\u00f1o escolar, el dinero tendr\u00eda que ser reembolsado. <\/p>\n\n\n\n<p>Por ello, la\nSEP record\u00f3 a jefes de sector, supervisores e inspectores de educaci\u00f3n b\u00e1sica\nque notifiquen a las escuelas sobre la medida implementada en apoyo a madres y\npadres de familia. <\/p>\n\n\n\n<p>Sin olvidar\nque, en julio del 2019, el presidente Andr\u00e9s Manuel L\u00f3pez Obrador afirm\u00f3 que\nimplementar\u00eda un programa para enviar dinero directo a los padres de familia en\nlas escuelas y que se acabar\u00edan las cuotas escolares, ya que la rehabilitaci\u00f3n\nde los centros escolares formar\u00eda parte del programa \u201cLa Escuela es Nuestra\u201d,\nel cual fue presentado tres meses despu\u00e9s con una inversi\u00f3n de 22 mil millones\nde pesos en las primeras 103 mil escuelas.&nbsp;\n<\/p>\n\n\n\n<p>\u201cEl programa\n\u2018La Escuela es Nuestra\u2019 consiste b\u00e1sicamente en destinar fondos para atender\n170 mil escuelas primarias del pa\u00eds, que van a tener su presupuesto y cada\nescuela va a manejar sus recursos para construcci\u00f3n, rehabilitaci\u00f3n y\nmantenimiento de las aulas\u201d, refiri\u00f3 entonces el mandatario federal.&nbsp; <\/p>\n","protected":false},"excerpt":{"rendered":"<p>Evlin Arag\u00f3n\/Zona Roja. Oaxaca de Ju\u00e1rez, Oax., 11 de agosto de 2020.- Pese a la&hellip;<\/p>\n","protected":false},"author":2,"featured_media":16143,"comment_status":"closed","ping_status":"open","sticky":false,"template":"","format":"standard","meta":{"_lmt_disableupdate":"","_lmt_disable":"","_jetpack_memberships_contains_paid_content":false,"footnotes":""},"categories":[109,47],"tags":[1911],"class_list":["post-16142","post","type-post","status-publish","format-standard","has-post-thumbnail","hentry","category-minuto-a-minuto","category-zona-gris","tag-escuela-secundaria-tecnica-1-oaxaca"],"jetpack_featured_media_url":"https:\/\/zonaroja.com.mx\/wp-content\/uploads\/2020\/08\/Secundaria-T\u00e9cnica-64.jpg","jetpack_sharing_enabled":true,"_links":{"self":[{"href":"https:\/\/zonaroja.com.mx\/index.php?rest_route=\/wp\/v2\/posts\/16142","targetHints":{"allow":["GET"]}}],"collection":[{"href":"https:\/\/zonaroja.com.mx\/index.php?rest_route=\/wp\/v2\/posts"}],"about":[{"href":"https:\/\/zonaroja.com.mx\/index.php?rest_route=\/wp\/v2\/types\/post"}],"author":[{"embeddable":true,"href":"https:\/\/zonaroja.com.mx\/index.php?rest_route=\/wp\/v2\/users\/2"}],"replies":[{"embeddable":true,"href":"https:\/\/zonaroja.com.mx\/index.php?rest_route=%2Fwp%2Fv2%2Fcomments&post=16142"}],"version-history":[{"count":1,"href":"https:\/\/zonaroja.com.mx\/index.php?rest_route=\/wp\/v2\/posts\/16142\/revisions"}],"predecessor-version":[{"id":16144,"href":"https:\/\/zonaroja.com.mx\/index.php?rest_route=\/wp\/v2\/posts\/16142\/revisions\/16144"}],"wp:featuredmedia":[{"embeddable":true,"href":"https:\/\/zonaroja.com.mx\/index.php?rest_route=\/wp\/v2\/media\/16143"}],"wp:attachment":[{"href":"https:\/\/zonaroja.com.mx\/index.php?rest_route=%2Fwp%2Fv2%2Fmedia&parent=16142"}],"wp:term":[{"taxonomy":"category","embeddable":true,"href":"https:\/\/zonaroja.com.mx\/index.php?rest_route=%2Fwp%2Fv2%2Fcategories&post=16142"},{"taxonomy":"post_tag","embeddable":true,"href":"https:\/\/zonaroja.com.mx\/index.php?rest_route=%2Fwp%2Fv2%2Ftags&post=16142"}],"curies":[{"name":"wp","href":"https:\/\/api.w.org\/{rel}","templated":true}]}}