{"id":16148,"date":"2020-08-11T20:57:10","date_gmt":"2020-08-12T01:57:10","guid":{"rendered":"http:\/\/www.zonaroja.com.mx\/?p=16148"},"modified":"2020-08-11T20:57:16","modified_gmt":"2020-08-12T01:57:16","slug":"organizaciones-civiles-exigen-liberacion-de-habitantes-de-san-martin-peras","status":"publish","type":"post","link":"https:\/\/zonaroja.com.mx\/?p=16148","title":{"rendered":"Organizaciones civiles exigen liberaci\u00f3n de habitantes de San Mart\u00edn Peras"},"content":{"rendered":"\n<p>Yuridiana\nSosa\/Zona Roja.<\/p>\n\n\n\n<p>Oaxaca de\nJu\u00e1rez, Oax., 11 de agosto de 2020.- Organizaciones sociales nacionales y\nlocales manifestaron su respaldo a las autoridades municipales de San Mart\u00edn\nPeras para exigir la liberaci\u00f3n de sus habitantes, retenidos por la comunidad\nde Santos Reyes Zochiquilazala, de Santiago Juxtlahuaca.<\/p>\n\n\n\n<p>A casi dos\nsemanas de los hechos, las asociaciones demandaron a organismos de derechos\nhumanos que los pobladores de San Mart\u00edn sean considerados presos pol\u00edticos,\npues su retenci\u00f3n est\u00e1 ligada a intereses pol\u00edticos del presidente municipal de\nSantiago Juxtlahuaca, Nicol\u00e1s Feria Romero.<\/p>\n\n\n\n<p>Pidieron la\nintervenci\u00f3n inmediata de la Secretar\u00eda de Gobernaci\u00f3n, del Alto Comisionado de\nDerechos Humanos en M\u00e9xico y de la Comisi\u00f3n Nacional de Derechos Humanos, tanto\npara la liberaci\u00f3n de los pobladores como para que investiguen el desempe\u00f1o del\nedil Feria Romero.<\/p>\n\n\n\n<p>Las\nautoridades de San Mart\u00edn Peras fueron respaldadas por el Frente de Resistencia\nInd\u00edgena de Juxtlahuaca, el Colectivo Aut\u00f3nomo de Resistencia Civil \u201cDavid Ruiz\nGarc\u00eda\u201d, Comerciantes Unificados del Bosque y Antropolog\u00eda CUBA A.C,\nResistencia Civil de Nuevo Laredo, Uni\u00f3n Coordinadora del Bosque de Chapultepec\ny M\u00e9xico Frente al Cambio AC.<\/p>\n\n\n\n<p>Hasta el\nmomento las autoridades desconocen el estado f\u00edsico y sobre la salud de cuatro\nde los 12 habitantes de San Mart\u00edn que contin\u00faan retenidos por pobladores de\nSantos Reyes Xochiquilazala desde el pasado 30 de julio.<\/p>\n","protected":false},"excerpt":{"rendered":"<p>Yuridiana Sosa\/Zona Roja. Oaxaca de Ju\u00e1rez, Oax., 11 de agosto de 2020.- Organizaciones sociales nacionales&hellip;<\/p>\n","protected":false},"author":2,"featured_media":16149,"comment_status":"closed","ping_status":"open","sticky":false,"template":"","format":"standard","meta":{"_lmt_disableupdate":"","_lmt_disable":"","_jetpack_memberships_contains_paid_content":false,"footnotes":""},"categories":[109,47],"tags":[1872],"class_list":["post-16148","post","type-post","status-publish","format-standard","has-post-thumbnail","hentry","category-minuto-a-minuto","category-zona-gris","tag-san-martin-peras"],"jetpack_featured_media_url":"https:\/\/zonaroja.com.mx\/wp-content\/uploads\/2020\/08\/Retenidos-San-Mart\u00edn-Peras.png","jetpack_sharing_enabled":true,"_links":{"self":[{"href":"https:\/\/zonaroja.com.mx\/index.php?rest_route=\/wp\/v2\/posts\/16148","targetHints":{"allow":["GET"]}}],"collection":[{"href":"https:\/\/zonaroja.com.mx\/index.php?rest_route=\/wp\/v2\/posts"}],"about":[{"href":"https:\/\/zonaroja.com.mx\/index.php?rest_route=\/wp\/v2\/types\/post"}],"author":[{"embeddable":true,"href":"https:\/\/zonaroja.com.mx\/index.php?rest_route=\/wp\/v2\/users\/2"}],"replies":[{"embeddable":true,"href":"https:\/\/zonaroja.com.mx\/index.php?rest_route=%2Fwp%2Fv2%2Fcomments&post=16148"}],"version-history":[{"count":1,"href":"https:\/\/zonaroja.com.mx\/index.php?rest_route=\/wp\/v2\/posts\/16148\/revisions"}],"predecessor-version":[{"id":16150,"href":"https:\/\/zonaroja.com.mx\/index.php?rest_route=\/wp\/v2\/posts\/16148\/revisions\/16150"}],"wp:featuredmedia":[{"embeddable":true,"href":"https:\/\/zonaroja.com.mx\/index.php?rest_route=\/wp\/v2\/media\/16149"}],"wp:attachment":[{"href":"https:\/\/zonaroja.com.mx\/index.php?rest_route=%2Fwp%2Fv2%2Fmedia&parent=16148"}],"wp:term":[{"taxonomy":"category","embeddable":true,"href":"https:\/\/zonaroja.com.mx\/index.php?rest_route=%2Fwp%2Fv2%2Fcategories&post=16148"},{"taxonomy":"post_tag","embeddable":true,"href":"https:\/\/zonaroja.com.mx\/index.php?rest_route=%2Fwp%2Fv2%2Ftags&post=16148"}],"curies":[{"name":"wp","href":"https:\/\/api.w.org\/{rel}","templated":true}]}}