{"id":16154,"date":"2020-08-11T21:46:22","date_gmt":"2020-08-12T02:46:22","guid":{"rendered":"http:\/\/www.zonaroja.com.mx\/?p=16154"},"modified":"2020-08-11T21:46:27","modified_gmt":"2020-08-12T02:46:27","slug":"covid-19-muere-el-doble-de-varones-que-mujeres-en-oaxaca","status":"publish","type":"post","link":"https:\/\/zonaroja.com.mx\/?p=16154","title":{"rendered":"Covid-19: muere el doble de varones que mujeres en Oaxaca"},"content":{"rendered":"\n<p>Redacci\u00f3n\/Zona\nRoja.<\/p>\n\n\n\n<p>Oaxaca de\nJu\u00e1rez, Oax. 11 de agosto de 2020.- En Oaxaca, las personas del sexo masculino\nson las m\u00e1s afectadas por el Covid-19. De acuerdo con los Servicios de Salud de\nla entidad, van 711 fallecimientos de varones, mientras que de mujeres se\nreportan 373 muertes.<\/p>\n\n\n\n<p>En un\ncomunicado, la dependencia inform\u00f3 que al corte epidemiol\u00f3gico de este martes\n11 de agosto, se han realizado 17 mil 679 pruebas para detectar la presencia\ndel nuevo coronavirus, de esta cifra, 11 mil 878 han dado positivos a Covid-19,\n119 m\u00e1s que ayer, sin embargo, a la fecha s\u00f3lo est\u00e1n activos 602 casos.<\/p>\n\n\n\n<p>Destac\u00f3 que\neste martes, los casos nuevos fueron diagnosticados en 38 municipios,\nprincipalmente en Oaxaca de Ju\u00e1rez con 21 contagios, Salina Cruz con 12,\nHeroica Cuidad de Juchit\u00e1n de Zaragoza con 11 y la Heroica Ciudad de Huajuapan\nde Le\u00f3n con 10, principalmente.<\/p>\n\n\n\n<p>De acuerdo\nal informe de mortalidad por la pandemia, inform\u00f3 que en las \u00faltimas 24 horas\nse notificaron 16 muertes, para un global de mil 084 personas que han perdido\nla vida a causa de la emergencia sanitaria.<\/p>\n\n\n\n<p>Precis\u00f3 que del total de decesos, el 39.1% padec\u00eda diabetes, el 37.4% hipertensi\u00f3n arterial, el 26.9% obesidad y el 6.7% insuficiencia renal. <\/p>\n\n\n\n<figure class=\"wp-block-embed-twitter wp-block-embed is-type-rich is-provider-twitter\"><div class=\"wp-block-embed__wrapper\">\n<div class=\"twitter-tweet\"><blockquote class=\"twitter-tweet\" data-lang=\"es\"><p lang=\"es\" dir=\"ltr\">El uso permanente del <a href=\"https:\/\/twitter.com\/hashtag\/Cubrebocas?src=hash&amp;ref_src=twsrc%5Etfw\">#Cubrebocas<\/a>, tapando nariz, boca y barbilla, contribuye de manera importante a la disminuci\u00f3n de contagios por <a href=\"https:\/\/twitter.com\/hashtag\/COVID19?src=hash&amp;ref_src=twsrc%5Etfw\">#COVID19<\/a>; por ti y por todos, util\u00edzalo.<a href=\"https:\/\/twitter.com\/hashtag\/Reto40xOax?src=hash&amp;ref_src=twsrc%5Etfw\">#Reto40xOax<\/a> <a href=\"https:\/\/t.co\/mqDEd8rTbn\">pic.twitter.com\/mqDEd8rTbn<\/a><\/p>&mdash; Servicios de Salud (@SSO_GobOax) <a href=\"https:\/\/twitter.com\/SSO_GobOax\/status\/1293359356759740419?ref_src=twsrc%5Etfw\">12 de agosto de 2020<\/a><\/blockquote><\/div>\n<\/div><\/figure>\n\n\n\n<p>Asever\u00f3 que\nhasta la fecha las personas mayores de 50 a\u00f1os son consideradas como el grupo\ncon mayor \u00edndice de mortalidad, ya que, del global de decesos, 861 corresponden\na este sector de la poblaci\u00f3n.<\/p>\n\n\n\n<p>Hizo \u00e9nfasis\nque se tienen 774 muestras en laboratorio para la prueba de resultados,\nasimismo a la fecha, 10 mil 192 personas se han recuperado del padecimiento\ndespu\u00e9s de estar en aislamiento y vigilancia m\u00e9dica.<\/p>\n\n\n\n<p>Refiri\u00f3 que\nla Jurisdicci\u00f3n Sanitaria de Valles Centrales contabiliza 7 mil 772 casos y 526\ndecesos; Tuxtepec con mil 538 confirmados y 224 perdidas fatales; el Istmo con\nmil 218, de los cuales 187 han fallecido; la Mixteca con 663 y 65\nfallecimientos; la Costa con 484 y 49 muertes; y la Sierra (Norte) con 203\npacientes y 33 personas perdieron la vida.<\/p>\n\n\n\n<p>Del personal\nde salud que ha dado positivo, dijo que 638 son m\u00e9dicos, 829 personal de\nenfermer\u00eda y 573 trabajadores y trabajadores de otras \u00e1reas del sector. Tambi\u00e9n\nespecific\u00f3 que la ocupaci\u00f3n hospitalaria en el estado es del 41.4%; de esta\ncifra 46.6 % corresponde a camas de observaci\u00f3n y el 29.8% con ventilador.<\/p>\n\n\n\n<p>Finalmente,\nrecord\u00f3 a las y los oaxaque\u00f1os que la entidad contin\u00faa en sem\u00e1foro naranja, por\nlo cual es obligatorio el uso de cubrebocas en espacios p\u00fablicos, adem\u00e1s\nexhort\u00f3 a reforzar las acciones de protecci\u00f3n en la poblaci\u00f3n de riesgo como\nson adultos mayores, pacientes con enfermedades cr\u00f3nicas degenerativas y\nmujeres embarazadas.<\/p>\n","protected":false},"excerpt":{"rendered":"<p>Redacci\u00f3n\/Zona Roja. Oaxaca de Ju\u00e1rez, Oax. 11 de agosto de 2020.- En Oaxaca, las personas&hellip;<\/p>\n","protected":false},"author":2,"featured_media":16155,"comment_status":"closed","ping_status":"open","sticky":false,"template":"","format":"standard","meta":{"_lmt_disableupdate":"","_lmt_disable":"","_jetpack_memberships_contains_paid_content":false,"footnotes":""},"categories":[109,47],"tags":[1512],"class_list":["post-16154","post","type-post","status-publish","format-standard","has-post-thumbnail","hentry","category-minuto-a-minuto","category-zona-gris","tag-coronavirus-oaxaca"],"jetpack_featured_media_url":"https:\/\/zonaroja.com.mx\/wp-content\/uploads\/2020\/08\/SSO-2.jpeg","jetpack_sharing_enabled":true,"_links":{"self":[{"href":"https:\/\/zonaroja.com.mx\/index.php?rest_route=\/wp\/v2\/posts\/16154","targetHints":{"allow":["GET"]}}],"collection":[{"href":"https:\/\/zonaroja.com.mx\/index.php?rest_route=\/wp\/v2\/posts"}],"about":[{"href":"https:\/\/zonaroja.com.mx\/index.php?rest_route=\/wp\/v2\/types\/post"}],"author":[{"embeddable":true,"href":"https:\/\/zonaroja.com.mx\/index.php?rest_route=\/wp\/v2\/users\/2"}],"replies":[{"embeddable":true,"href":"https:\/\/zonaroja.com.mx\/index.php?rest_route=%2Fwp%2Fv2%2Fcomments&post=16154"}],"version-history":[{"count":1,"href":"https:\/\/zonaroja.com.mx\/index.php?rest_route=\/wp\/v2\/posts\/16154\/revisions"}],"predecessor-version":[{"id":16156,"href":"https:\/\/zonaroja.com.mx\/index.php?rest_route=\/wp\/v2\/posts\/16154\/revisions\/16156"}],"wp:featuredmedia":[{"embeddable":true,"href":"https:\/\/zonaroja.com.mx\/index.php?rest_route=\/wp\/v2\/media\/16155"}],"wp:attachment":[{"href":"https:\/\/zonaroja.com.mx\/index.php?rest_route=%2Fwp%2Fv2%2Fmedia&parent=16154"}],"wp:term":[{"taxonomy":"category","embeddable":true,"href":"https:\/\/zonaroja.com.mx\/index.php?rest_route=%2Fwp%2Fv2%2Fcategories&post=16154"},{"taxonomy":"post_tag","embeddable":true,"href":"https:\/\/zonaroja.com.mx\/index.php?rest_route=%2Fwp%2Fv2%2Ftags&post=16154"}],"curies":[{"name":"wp","href":"https:\/\/api.w.org\/{rel}","templated":true}]}}