{"id":16160,"date":"2020-08-12T08:15:10","date_gmt":"2020-08-12T13:15:10","guid":{"rendered":"http:\/\/www.zonaroja.com.mx\/?p=16160"},"modified":"2020-08-12T08:15:13","modified_gmt":"2020-08-12T13:15:13","slug":"mas-de-30-millones-de-jovenes-en-mexico-entre-avances-y-carencias","status":"publish","type":"post","link":"https:\/\/zonaroja.com.mx\/?p=16160","title":{"rendered":"M\u00e1s de 30 millones de j\u00f3venes en M\u00e9xico: entre avances y carencias"},"content":{"rendered":"\n<p>Evlin\nArag\u00f3n\/Zona Roja.<\/p>\n\n\n\n<p>Oaxaca de\nJu\u00e1rez, Oax., 12 de agosto de 2020.- Las nuevas generaciones tienen acceso a la\ntecnolog\u00eda a muy temprana edad y en M\u00e9xico, el 91.8 por ciento de la poblaci\u00f3n\njoven dispone de un tel\u00e9fono celular, de acuerdo con la Encuesta Nacional sobre\nDisponibilidad y Uso de Tecnolog\u00edas de la Informaci\u00f3n en los Hogares (ENDUTIH)\n2019. <\/p>\n\n\n\n<p>Sin embargo,\nla cifra baja considerablemente en torno a otros dispositivos, s\u00f3lo un 40.3 por\nciento de las y los j\u00f3venes en el pa\u00eds usa computadora port\u00e1til, 32 por ciento\nemplea computadora de escritorio y 15.3 por ciento tienen acceso a una tableta,\nlo cual podr\u00eda representar un problema real, en tiempos de contingencia\nsanitaria donde el inicio del ciclo escolar 2020-2021 iniciar\u00e1 en l\u00ednea.&nbsp; <\/p>\n\n\n\n<p>A prop\u00f3sito\ndel D\u00eda Internacional de la Juventud, que se celebra este mi\u00e9rcoles 12 de\nagosto, la Encuesta Nacional de la Din\u00e1mica Demogr\u00e1fica (ENADID) 2018 refiere\nque en el pa\u00eds existen 30.7 millones de j\u00f3venes que representan el 24.6 por\nciento del total de habitantes. <\/p>\n\n\n\n<p>De acuerdo\ncon datos del Consejo Nacional de Poblaci\u00f3n (Conapo), M\u00e9xico ha logrado\nimportantes avances educativos en las \u00faltimas d\u00e9cadas, entre ellos se destaca\nel incremento del nivel de escolaridad y el aumento de la asistencia escolar de\nni\u00f1as, ni\u00f1os, j\u00f3venes y mujeres. <\/p>\n\n\n\n<p>No obstante,\nla presencia en las escuelas se da principalmente en educaci\u00f3n b\u00e1sica y media\nsuperior, ya que conforme aumenta la edad de las personas es mayor la\nproporci\u00f3n de quienes no asisten a la escuela, lo que se traduce en un d\u00e9ficit\nde en la educaci\u00f3n profesional.&nbsp; <\/p>\n\n\n\n<p>\u201cPor nivel\nde escolaridad, cuatro de cada diez personas j\u00f3venes tienen secundaria baja\ncomo el nivel m\u00e1ximo alcanzado, seguido de la secundaria alta, tres de cada\ndiez; cabe resaltar la proporci\u00f3n tan baja de j\u00f3venes que no tienen escolaridad\ny los que solo tienen la educaci\u00f3n preescolar para la primera infancia\u201d,\nrefiere el Inegi. <\/p>\n\n\n\n<p>Seg\u00fan datos\nde la ENADID 2018, entre las personas que tienen de 15 a 19 a\u00f1os 60.8 por\nciento asiste a la escuela; 27.3 por ciento de quienes tienen entre 20 y 24\na\u00f1os, mientras que solo 7.5 por ciento de quienes forman el grupo de 25 a 29\na\u00f1os, acuden a un centro escolar.&nbsp; <\/p>\n\n\n\n<p>Son 16.8\nmillones de j\u00f3venes los que forman parte de la Poblaci\u00f3n Econ\u00f3micamente Activa,\nla mayor\u00eda en nivel de subordinaci\u00f3n con una jornada laboral d 35 a 48 horas\nsemanales. <\/p>\n\n\n\n<p>Finalmente,\nla encuesta refiere que en la poblaci\u00f3n adolescente, la maduraci\u00f3n sexual se\nest\u00e1 presentando m\u00e1s tempranamente y conforme a los datos del total de mujeres\nj\u00f3venes, el 64.4 por ciento han iniciado su vida sexual, 56.5 por ciento de eta\nusaron alg\u00fan m\u00e9todo anticonceptivo en u primera relaci\u00f3n; as\u00ed mismo el m\u00e9todo\nanticonceptivo que m\u00e1s conocen es la Obstrucci\u00f3n Tubaria Bilatera (OTB\n-ligadura de trompas-). <\/p>\n","protected":false},"excerpt":{"rendered":"<p>Evlin Arag\u00f3n\/Zona Roja. Oaxaca de Ju\u00e1rez, Oax., 12 de agosto de 2020.- Las nuevas generaciones&hellip;<\/p>\n","protected":false},"author":2,"featured_media":16161,"comment_status":"closed","ping_status":"open","sticky":false,"template":"","format":"standard","meta":{"_lmt_disableupdate":"","_lmt_disable":"","_jetpack_memberships_contains_paid_content":false,"footnotes":""},"categories":[109,46],"tags":[1913],"class_list":["post-16160","post","type-post","status-publish","format-standard","has-post-thumbnail","hentry","category-minuto-a-minuto","category-zona-blanca","tag-dia-internacional-de-la-juventud"],"jetpack_featured_media_url":"https:\/\/zonaroja.com.mx\/wp-content\/uploads\/2020\/08\/D\u00eda-Juventud.jpg","jetpack_sharing_enabled":true,"_links":{"self":[{"href":"https:\/\/zonaroja.com.mx\/index.php?rest_route=\/wp\/v2\/posts\/16160","targetHints":{"allow":["GET"]}}],"collection":[{"href":"https:\/\/zonaroja.com.mx\/index.php?rest_route=\/wp\/v2\/posts"}],"about":[{"href":"https:\/\/zonaroja.com.mx\/index.php?rest_route=\/wp\/v2\/types\/post"}],"author":[{"embeddable":true,"href":"https:\/\/zonaroja.com.mx\/index.php?rest_route=\/wp\/v2\/users\/2"}],"replies":[{"embeddable":true,"href":"https:\/\/zonaroja.com.mx\/index.php?rest_route=%2Fwp%2Fv2%2Fcomments&post=16160"}],"version-history":[{"count":1,"href":"https:\/\/zonaroja.com.mx\/index.php?rest_route=\/wp\/v2\/posts\/16160\/revisions"}],"predecessor-version":[{"id":16162,"href":"https:\/\/zonaroja.com.mx\/index.php?rest_route=\/wp\/v2\/posts\/16160\/revisions\/16162"}],"wp:featuredmedia":[{"embeddable":true,"href":"https:\/\/zonaroja.com.mx\/index.php?rest_route=\/wp\/v2\/media\/16161"}],"wp:attachment":[{"href":"https:\/\/zonaroja.com.mx\/index.php?rest_route=%2Fwp%2Fv2%2Fmedia&parent=16160"}],"wp:term":[{"taxonomy":"category","embeddable":true,"href":"https:\/\/zonaroja.com.mx\/index.php?rest_route=%2Fwp%2Fv2%2Fcategories&post=16160"},{"taxonomy":"post_tag","embeddable":true,"href":"https:\/\/zonaroja.com.mx\/index.php?rest_route=%2Fwp%2Fv2%2Ftags&post=16160"}],"curies":[{"name":"wp","href":"https:\/\/api.w.org\/{rel}","templated":true}]}}