{"id":16163,"date":"2020-08-12T08:22:30","date_gmt":"2020-08-12T13:22:30","guid":{"rendered":"http:\/\/www.zonaroja.com.mx\/?p=16163"},"modified":"2020-08-12T08:22:35","modified_gmt":"2020-08-12T13:22:35","slug":"destaca-poder-judicial-avance-en-diversas-obras-de-infraestructura","status":"publish","type":"post","link":"https:\/\/zonaroja.com.mx\/?p=16163","title":{"rendered":"Destaca Poder Judicial avance en diversas obras de infraestructura"},"content":{"rendered":"\n<p>Redacci\u00f3n\/Zona\nRoja.<\/p>\n\n\n\n<p>Oaxaca de\nJu\u00e1rez, Oax., 12 de agosto de 2020.- El titular del Poder Judicial del Estado, Eduardo\nPinacho S\u00e1nchez, afirm\u00f3 que durante el periodo de contingencia sanitaria por\nCovid-19, su administraci\u00f3n se ha conducido con mesura, prudencia y se adapt\u00f3 a\nlas circunstancias para seguir con las actividades y dar atenci\u00f3n a casos\nurgentes principalmente en materia penal y familiar, adem\u00e1s de poner en marcha\nuna serie de servicios en l\u00ednea.<\/p>\n\n\n\n<p>El llamado a\nmagistradas, magistrados, juezas y jueces ha sido tomar esta etapa como una\noportunidad para terminar con el rezago que ha existido en salas y juzgados,\nenfatiz\u00f3 al participar en el programa \u201cInformaci\u00f3n jur\u00eddica que debes saber\u201d,\ndel Foro Permanente de Abogados A.C., realizado de manera virtual.<\/p>\n\n\n\n<p>En la\nentrevista con los abogados Eduardo Castillo Cruz y Ana Aguilar, el titular del\nPoder Judicial de Oaxaca, puntualiz\u00f3 que en sus primeros 200 d\u00edas al frente del\nTribunal Superior de Justicia y del Consejo de la Judicatura, se han alcanzado\nimportantes logros como la conclusi\u00f3n de los Centros de Justicia de El Espinal\ny de Ejutla, este \u00faltimo ya pr\u00f3ximo a que se encuentre en condiciones para\nentrar en operaci\u00f3n.<\/p>\n\n\n\n<p>Asimismo, se\nllev\u00f3 a cabo la remodelaci\u00f3n y modernizaci\u00f3n del edificio de los Juzgados\nCiviles y Familiares y de Oralidad Mercantil del Centro, ubicado en el Ex\nMarquesado, donde se instal\u00f3 un sistema de voz y datos y red de internet,\ncategor\u00eda 6, con capacidad para dar servicio eficiente hasta a 500 usuarios\nentre trabajadores y personas que acuden a realizar tr\u00e1mites.<\/p>\n\n\n\n<p>\u201cEl Poder\nJudicial del Estado, durante mi administraci\u00f3n, ha fijado como uno de sus ejes\nrectores y l\u00edneas maestras de trabajo, la implementaci\u00f3n de una gesti\u00f3n de\ncar\u00e1cter tecnol\u00f3gico\u201d, enfatiz\u00f3 el magistrado Eduardo Pinacho S\u00e1nchez.<\/p>\n\n\n\n<p>El progreso\nes significativo en este \u00e1mbito, ya que actualmente el sistema judicial de\nOaxaca cuenta con herramientas como el Registro \u00danico de Notificaciones\nElectr\u00f3nicas (RUNE), agendas electr\u00f3nicas, buz\u00f3n de demandas y promociones en\nl\u00ednea, as\u00ed como el servicio telef\u00f3nico Justiciatel con n\u00famero 800 719 22 32.<\/p>\n","protected":false},"excerpt":{"rendered":"<p>Redacci\u00f3n\/Zona Roja. Oaxaca de Ju\u00e1rez, Oax., 12 de agosto de 2020.- El titular del Poder&hellip;<\/p>\n","protected":false},"author":2,"featured_media":16164,"comment_status":"closed","ping_status":"open","sticky":false,"template":"","format":"standard","meta":{"_lmt_disableupdate":"","_lmt_disable":"","_jetpack_memberships_contains_paid_content":false,"footnotes":""},"categories":[109,46],"tags":[223],"class_list":["post-16163","post","type-post","status-publish","format-standard","has-post-thumbnail","hentry","category-minuto-a-minuto","category-zona-blanca","tag-poder-judicial-de-oaxaca"],"jetpack_featured_media_url":"https:\/\/zonaroja.com.mx\/wp-content\/uploads\/2020\/08\/CENTRO-DE-JUSTICIA-DE-EJUTLA.jpg","jetpack_sharing_enabled":true,"_links":{"self":[{"href":"https:\/\/zonaroja.com.mx\/index.php?rest_route=\/wp\/v2\/posts\/16163","targetHints":{"allow":["GET"]}}],"collection":[{"href":"https:\/\/zonaroja.com.mx\/index.php?rest_route=\/wp\/v2\/posts"}],"about":[{"href":"https:\/\/zonaroja.com.mx\/index.php?rest_route=\/wp\/v2\/types\/post"}],"author":[{"embeddable":true,"href":"https:\/\/zonaroja.com.mx\/index.php?rest_route=\/wp\/v2\/users\/2"}],"replies":[{"embeddable":true,"href":"https:\/\/zonaroja.com.mx\/index.php?rest_route=%2Fwp%2Fv2%2Fcomments&post=16163"}],"version-history":[{"count":1,"href":"https:\/\/zonaroja.com.mx\/index.php?rest_route=\/wp\/v2\/posts\/16163\/revisions"}],"predecessor-version":[{"id":16165,"href":"https:\/\/zonaroja.com.mx\/index.php?rest_route=\/wp\/v2\/posts\/16163\/revisions\/16165"}],"wp:featuredmedia":[{"embeddable":true,"href":"https:\/\/zonaroja.com.mx\/index.php?rest_route=\/wp\/v2\/media\/16164"}],"wp:attachment":[{"href":"https:\/\/zonaroja.com.mx\/index.php?rest_route=%2Fwp%2Fv2%2Fmedia&parent=16163"}],"wp:term":[{"taxonomy":"category","embeddable":true,"href":"https:\/\/zonaroja.com.mx\/index.php?rest_route=%2Fwp%2Fv2%2Fcategories&post=16163"},{"taxonomy":"post_tag","embeddable":true,"href":"https:\/\/zonaroja.com.mx\/index.php?rest_route=%2Fwp%2Fv2%2Ftags&post=16163"}],"curies":[{"name":"wp","href":"https:\/\/api.w.org\/{rel}","templated":true}]}}