{"id":16171,"date":"2020-08-12T16:03:51","date_gmt":"2020-08-12T21:03:51","guid":{"rendered":"http:\/\/www.zonaroja.com.mx\/?p=16171"},"modified":"2020-08-12T16:04:15","modified_gmt":"2020-08-12T21:04:15","slug":"normalistas-de-oaxaca-acusan-discriminacion-racista-del-ieepo","status":"publish","type":"post","link":"https:\/\/zonaroja.com.mx\/?p=16171","title":{"rendered":"Normalistas de Oaxaca acusan discriminaci\u00f3n racista del IEEPO"},"content":{"rendered":"\n<p>Evlin Arag\u00f3n\/Zona Roja.<\/p>\n\n\n\n<p>Oaxaca de Ju\u00e1rez, Oax., 12 de agosto de\n2020.- Con una reducida presencia, estudiantes de diferentes escuelas normales\nde la entidad denunciaron el trato discriminatorio por parte del Instituto\nEstatal de Educaci\u00f3n P\u00fablica de Oaxaca (IEEPO) con la comunidad ind\u00edgena,\nparticularmente con la que busca continuar sus estudios de nivel superior.&nbsp; <\/p>\n\n\n\n<p>Y es que previamente y a trav\u00e9s de un\ndocumento, el Comit\u00e9 Ejecutivo Estudiantil y la base estudiantil y el personal\nde la Escuela Normal Biling\u00fce e Intercultural (ENBIO) acusaron que la\ndependencia encargada de la educaci\u00f3n en Oaxaca pretende realizar el examen de\nnuevo ingreso de manera virtual.&nbsp; <\/p>\n\n\n\n<p>Lo anterior fue traducido como un acto\nde evidente exclusi\u00f3n y discriminaci\u00f3n racista para quienes provienen de una\ncomunidad ind\u00edgena y dif\u00edcilmente cuentan con acceso a dispositivos\nelectr\u00f3nicos y al servicio de internet para realizar el tr\u00e1mite.&nbsp; <\/p>\n\n\n\n<p>De acuerdo con la base estudiantil, ante la contingencia sanitaria que se vive por la pandemia, lo ideal ser\u00eda una pr\u00f3rroga de fecha para la aplicaci\u00f3n del examen, misma que proponen de forma presencial tomando en cuenta todas las medidas sanitarias para evitar alg\u00fan tipo de riesgo. <\/p>\n\n\n\n<figure class=\"wp-block-embed-twitter wp-block-embed is-type-rich is-provider-twitter\"><div class=\"wp-block-embed__wrapper\">\n<div class=\"twitter-tweet\"><blockquote class=\"twitter-tweet\" data-lang=\"es\"><p lang=\"es\" dir=\"ltr\"><a href=\"https:\/\/twitter.com\/hashtag\/ENVIVO?src=hash&amp;ref_src=twsrc%5Etfw\">#ENVIVO<\/a><br>Oaxaca de Ju\u00e1rez, Oax, 12 de agosto de 2020. Marcha de estudiantes normalistas de Oaxaca, que exigen al IEEPO  ex\u00e1menes de manera presencial, no en l\u00ednea. <br><br>Aqu\u00ed el enlace: \ud83d\udc47<a href=\"https:\/\/t.co\/atbvrUBaCo\">https:\/\/t.co\/atbvrUBaCo<\/a> <a href=\"https:\/\/t.co\/KsZZYIqt5h\">pic.twitter.com\/KsZZYIqt5h<\/a><\/p>&mdash; Zona Roja Oaxaca (@MexRoja) <a href=\"https:\/\/twitter.com\/MexRoja\/status\/1293582795017801731?ref_src=twsrc%5Etfw\">12 de agosto de 2020<\/a><\/blockquote><\/div>\n<\/div><\/figure>\n\n\n\n<p>Por lo anterior, decidieron marchar\neste mi\u00e9rcoles, de la fuente de la Ocho Regiones al z\u00f3calo de la ciudad, para\nhacer evidente su inconformidad debido la afectaci\u00f3n que tendr\u00eda la comunidad\nind\u00edgena, as\u00ed como pedir atenci\u00f3n puntual por parte de las autoridades en\nmateria educativa que no se terminan de enterar que la modalidad a distancia es\ncomplicada en a\u00fan estado como Oaxaca.&nbsp; <\/p>\n\n\n\n<p>\u201cNuestras comunidades no pueden acceder\na las plataformas digitales. Exigimos examen de manera presencial\u00bb, fue la\nprincipal consigna en las pancartas que portaron durante su movilizaci\u00f3n. <\/p>\n\n\n\n<p>Previo a la marcha, retuvieron al menos\ncuatro unidades de transporte p\u00fablico mediante las cuales se trasladaron al\npunto de reuni\u00f3n y una vez que el clima se los permiti\u00f3 iniciaron la protesta\nque, aunque reducida, provoco complicaciones viales a su paso. <\/p>\n\n\n\n<p>\u201cNosotros le decimo al gobierno que no\nvamos a dejar de luchar, hay j\u00f3venes que tienen el deseo de seguir estudiando y\nen verdad se les dificulta acceder al mundo virtual\u201d, se\u00f1alaron durante su\ncaminata.&nbsp; <\/p>\n\n\n\n<p>Cabe se\u00f1alar que hace un par de\nsemanas, estudiantes del Centro Regional de Educaci\u00f3n Normal de Oaxaca (CRENO)\nreiniciaron sus movilizaciones, para reiterar al IEEPO su demanda de aprobaci\u00f3n\ndel semestre escolar.<\/p>\n","protected":false},"excerpt":{"rendered":"<p>Evlin Arag\u00f3n\/Zona Roja. Oaxaca de Ju\u00e1rez, Oax., 12 de agosto de 2020.- Con una reducida&hellip;<\/p>\n","protected":false},"author":2,"featured_media":16172,"comment_status":"closed","ping_status":"open","sticky":false,"template":"","format":"standard","meta":{"_lmt_disableupdate":"","_lmt_disable":"","_jetpack_memberships_contains_paid_content":false,"footnotes":""},"categories":[109,47],"tags":[1916],"class_list":["post-16171","post","type-post","status-publish","format-standard","has-post-thumbnail","hentry","category-minuto-a-minuto","category-zona-gris","tag-protestas-estudiantes-normalistas-de-oaxaca"],"jetpack_featured_media_url":"https:\/\/zonaroja.com.mx\/wp-content\/uploads\/2020\/08\/Marcha-normalistas-Oaxaca.png","jetpack_sharing_enabled":true,"_links":{"self":[{"href":"https:\/\/zonaroja.com.mx\/index.php?rest_route=\/wp\/v2\/posts\/16171","targetHints":{"allow":["GET"]}}],"collection":[{"href":"https:\/\/zonaroja.com.mx\/index.php?rest_route=\/wp\/v2\/posts"}],"about":[{"href":"https:\/\/zonaroja.com.mx\/index.php?rest_route=\/wp\/v2\/types\/post"}],"author":[{"embeddable":true,"href":"https:\/\/zonaroja.com.mx\/index.php?rest_route=\/wp\/v2\/users\/2"}],"replies":[{"embeddable":true,"href":"https:\/\/zonaroja.com.mx\/index.php?rest_route=%2Fwp%2Fv2%2Fcomments&post=16171"}],"version-history":[{"count":1,"href":"https:\/\/zonaroja.com.mx\/index.php?rest_route=\/wp\/v2\/posts\/16171\/revisions"}],"predecessor-version":[{"id":16173,"href":"https:\/\/zonaroja.com.mx\/index.php?rest_route=\/wp\/v2\/posts\/16171\/revisions\/16173"}],"wp:featuredmedia":[{"embeddable":true,"href":"https:\/\/zonaroja.com.mx\/index.php?rest_route=\/wp\/v2\/media\/16172"}],"wp:attachment":[{"href":"https:\/\/zonaroja.com.mx\/index.php?rest_route=%2Fwp%2Fv2%2Fmedia&parent=16171"}],"wp:term":[{"taxonomy":"category","embeddable":true,"href":"https:\/\/zonaroja.com.mx\/index.php?rest_route=%2Fwp%2Fv2%2Fcategories&post=16171"},{"taxonomy":"post_tag","embeddable":true,"href":"https:\/\/zonaroja.com.mx\/index.php?rest_route=%2Fwp%2Fv2%2Ftags&post=16171"}],"curies":[{"name":"wp","href":"https:\/\/api.w.org\/{rel}","templated":true}]}}