{"id":16175,"date":"2020-08-12T16:36:21","date_gmt":"2020-08-12T21:36:21","guid":{"rendered":"http:\/\/www.zonaroja.com.mx\/?p=16175"},"modified":"2020-08-12T16:37:56","modified_gmt":"2020-08-12T21:37:56","slug":"pide-congreso-de-oaxaca-intervencion-de-fgr-por-crimenes-de-lesa-humanidad-en-2006-y-2007","status":"publish","type":"post","link":"https:\/\/zonaroja.com.mx\/?p=16175","title":{"rendered":"Pide Congreso de Oaxaca intervenci\u00f3n de FGR por cr\u00edmenes de lesa humanidad en 2006 y 2007"},"content":{"rendered":"\n<p>Yuridiana Sosa\/Zona Roja.<\/p>\n\n\n\n<p>Oaxaca de Ju\u00e1rez, Oax., 12 de agosto de\n2020.- Con 28 votos a favor, la 64 Legislatura de Oaxaca aprob\u00f3 hoy un exhorto\na la Fiscal\u00eda General de la Rep\u00fablica para que inicie de oficio investigaciones\npor los cr\u00edmenes cometidos durante el movimiento social en Oaxaca en 2006 y\n2009, entre estos, tortura, desapariciones forzadas y asesinatos.<\/p>\n\n\n\n<p>En sesi\u00f3n ordinaria, los legisladores\noaxaque\u00f1os avalaron el llamado a la autoridad federal, pues a 14 a\u00f1os de los\nhechos, decenas de cr\u00edmenes de lesa humanidad siguen sin justicia, es decir,\nsin investigaciones para castigar a los responsables.<\/p>\n\n\n\n<p>La diputada por Morena, Arcelia L\u00f3pez\nHern\u00e1ndez, manifest\u00f3 la urgencia luego que en d\u00edas pasados trascendi\u00f3 sobre las\n\u00f3rdenes de aprehensi\u00f3n en contra del ex procurador de Oaxaca, Evencio Nicol\u00e1s\nMart\u00ednez Ram\u00edrez.<\/p>\n\n\n\n<p>Asimismo, del ex director de la Polic\u00eda\nMinisterial Daniel Camarena Flores, entre otros comandantes y elementos de la\nAgencia Estatal de Investigaciones, por su probable responsabilidad en la\ndesaparici\u00f3n forzada de dos integrantes del Ej\u00e9rcito Popular Revolucionario,\nEdmundo Reyes Amaya y Gabriel Alberto Cruz S\u00e1nchez, en mayo de 2007.<\/p>\n\n\n\n<p>Durante su participaci\u00f3n, expuso que la Comisi\u00f3n de la Verdad &#8211;encargada de indagar sobre esos acontecimientos violentos en 2006- concluy\u00f3 en sus investigaciones que existen elementos para se\u00f1alar al ex gobernador Ulises Ruiz Ortiz; el procurador Evencio Mart\u00ednez; al secretario de Protecci\u00f3n Ciudadana, Sergio Segrestre R\u00edos; al director de la Polic\u00eda Ministerial estatal, Daniel Camarena Flores, y el coordinador de Seguridad, Vialidad y Tr\u00e1nsito Municipal, Aristeo L\u00f3pez Mart\u00ednez, entre otras personas, como responsables de los actos de represi\u00f3n.<\/p>\n\n\n\n<figure class=\"wp-block-embed-twitter wp-block-embed is-type-rich is-provider-twitter\"><div class=\"wp-block-embed__wrapper\">\n<div class=\"twitter-tweet\"><blockquote class=\"twitter-tweet\" data-lang=\"es\"><p lang=\"es\" dir=\"ltr\"><a href=\"https:\/\/twitter.com\/hashtag\/%C3%9AltimoMinuto?src=hash&amp;ref_src=twsrc%5Etfw\">#\u00daltimoMinuto<\/a><br>Tras la intervenci\u00f3n de la <a href=\"https:\/\/twitter.com\/FGRMexico?ref_src=twsrc%5Etfw\">@FGRMexico<\/a> por el caso de eperristas desaparecidos, el <a href=\"https:\/\/twitter.com\/CongresoOaxLXIV?ref_src=twsrc%5Etfw\">@CongresoOaxLXIV<\/a> aprob\u00f3 hoy un exhorto al gobierno federal para que indague y castigue cr\u00edmenes en 2006 y 2007, adem\u00e1s se castigue a Ulises Ruiz Ortiz, <a href=\"https:\/\/twitter.com\/polux100?ref_src=twsrc%5Etfw\">@polux100<\/a>, entre otros. <a href=\"https:\/\/t.co\/1vDUJK5aAT\">pic.twitter.com\/1vDUJK5aAT<\/a><\/p>&mdash; Zona Roja Oaxaca (@MexRoja) <a href=\"https:\/\/twitter.com\/MexRoja\/status\/1293619913102430208?ref_src=twsrc%5Etfw\">12 de agosto de 2020<\/a><\/blockquote><\/div>\n<\/div><\/figure>\n\n\n\n<p>L\u00f3pez Hern\u00e1ndez reconoci\u00f3 que el\nproceso contra los ex funcionarios relacionados con la desaparici\u00f3n forzada de\nlos dos eperristas es un avance significativo hacia la justicia, pero la\nintervenci\u00f3n de la FGR para las investigaciones de oficio por los delitos contra\ndel movimiento social oaxaque\u00f1o en los a\u00f1os 2006 y 2007.<\/p>\n\n\n\n<p>\u201cNo habr\u00e1 justicia mientras los\ncriminales sigan en la calle\u201d, \u201cC\u00e1rcel para Vicente Fox y Felipe Calder\u00f3n\u201d,\n\u201cC\u00e1rcel para Ulises Ruiz Ortiz\u201d, \u201cC\u00e1rcel para Genaro Garc\u00eda Luna y Manuel Vera\nSalinas\u201d, manifest\u00f3 la legisladora.<\/p>\n\n\n\n<p>Por su parte, el presidente de la Junta de Coordinaci\u00f3n Pol\u00edtica (Jucopo), del Congreso de Oaxaca, Horacio Sosa Villavicencio destac\u00f3 la votaci\u00f3n a favor del llamado a la FGR con el fin de llevar ante la justicia al ex gobernador Ulises Ruiz y a quienes resulten responsables.<\/p>\n\n\n\n<p>El llamado de\nla representaci\u00f3n popular, busca llevar a la justicia a los responsables de las\nejecuciones extra judiciales, la desaparici\u00f3n forzada, las detenciones\narbitrarias, la tortura, los tratos crueles, inhumanos y degradantes, as\u00ed como\nlas violaciones al debido proceso y los cr\u00edmenes de lesa humanidad cometidos\npor el Estado Mexicano.<\/p>\n\n\n\n<p>Tras el aval del Congreso, sin la\npresencia de diputados de PRI, los asistentes a la sesi\u00f3n ordinaria de este\nmi\u00e9rcoles aplaudieron la medida aprobada.<\/p>\n","protected":false},"excerpt":{"rendered":"<p>Yuridiana Sosa\/Zona Roja. Oaxaca de Ju\u00e1rez, Oax., 12 de agosto de 2020.- Con 28 votos&hellip;<\/p>\n","protected":false},"author":2,"featured_media":16176,"comment_status":"closed","ping_status":"open","sticky":false,"template":"","format":"standard","meta":{"_lmt_disableupdate":"","_lmt_disable":"","_jetpack_memberships_contains_paid_content":false,"footnotes":""},"categories":[109,46],"tags":[213,749],"class_list":["post-16175","post","type-post","status-publish","format-standard","has-post-thumbnail","hentry","category-minuto-a-minuto","category-zona-blanca","tag-64-legislatura-de-oaxaca","tag-ulises-ruiz-ortiz"],"jetpack_featured_media_url":"https:\/\/zonaroja.com.mx\/wp-content\/uploads\/2020\/08\/FOTO-2.2-Demanda-Congreso-de-Oaxaca-a-FGR-investigar-de-oficio-agravios-del-2006.jpg","jetpack_sharing_enabled":true,"_links":{"self":[{"href":"https:\/\/zonaroja.com.mx\/index.php?rest_route=\/wp\/v2\/posts\/16175","targetHints":{"allow":["GET"]}}],"collection":[{"href":"https:\/\/zonaroja.com.mx\/index.php?rest_route=\/wp\/v2\/posts"}],"about":[{"href":"https:\/\/zonaroja.com.mx\/index.php?rest_route=\/wp\/v2\/types\/post"}],"author":[{"embeddable":true,"href":"https:\/\/zonaroja.com.mx\/index.php?rest_route=\/wp\/v2\/users\/2"}],"replies":[{"embeddable":true,"href":"https:\/\/zonaroja.com.mx\/index.php?rest_route=%2Fwp%2Fv2%2Fcomments&post=16175"}],"version-history":[{"count":2,"href":"https:\/\/zonaroja.com.mx\/index.php?rest_route=\/wp\/v2\/posts\/16175\/revisions"}],"predecessor-version":[{"id":16178,"href":"https:\/\/zonaroja.com.mx\/index.php?rest_route=\/wp\/v2\/posts\/16175\/revisions\/16178"}],"wp:featuredmedia":[{"embeddable":true,"href":"https:\/\/zonaroja.com.mx\/index.php?rest_route=\/wp\/v2\/media\/16176"}],"wp:attachment":[{"href":"https:\/\/zonaroja.com.mx\/index.php?rest_route=%2Fwp%2Fv2%2Fmedia&parent=16175"}],"wp:term":[{"taxonomy":"category","embeddable":true,"href":"https:\/\/zonaroja.com.mx\/index.php?rest_route=%2Fwp%2Fv2%2Fcategories&post=16175"},{"taxonomy":"post_tag","embeddable":true,"href":"https:\/\/zonaroja.com.mx\/index.php?rest_route=%2Fwp%2Fv2%2Ftags&post=16175"}],"curies":[{"name":"wp","href":"https:\/\/api.w.org\/{rel}","templated":true}]}}