{"id":16179,"date":"2020-08-12T17:27:31","date_gmt":"2020-08-12T22:27:31","guid":{"rendered":"http:\/\/www.zonaroja.com.mx\/?p=16179"},"modified":"2020-08-12T17:27:34","modified_gmt":"2020-08-12T22:27:34","slug":"acusan-a-rafael-rosas-herrera-de-desestabilizar-sindicato-de-burocratas","status":"publish","type":"post","link":"https:\/\/zonaroja.com.mx\/?p=16179","title":{"rendered":"Acusan a Rafael Rosas Herrera de desestabilizar sindicato de bur\u00f3cratas"},"content":{"rendered":"\n<p>Redacci\u00f3n\/Zona Roja.<\/p>\n\n\n\n<p>Oaxaca de Ju\u00e1rez, Oax., 12 de agosto de\n2020.- Trabajadores de base del gobierno de Oaxaca acusaron al ex dirigente\nsindical Juan Rafael Rosas Herrera de lucrar pol\u00edticamente con el movimiento de\nlos empleados de la Direcci\u00f3n del Registro Civil.<\/p>\n\n\n\n<p>Seg\u00fan denunciaron, pretende generar un\nconflicto al gobernador Alejandro Murat Hinojosa, para distanciarlo del\nSindicato de Trabajadores al Servicio de los Poderes del Estado e Instituciones\nDescentralizadas de Car\u00e1cter Estatal.<\/p>\n\n\n\n<p>Informaron que moviliz\u00f3 a algunos\ndelegados en contra de Christian Hern\u00e1ndez, titular del Registro Civ\u00edl, de\nqui\u00e9n pidi\u00f3 su salida a trav\u00e9s de todas las dependencias, mismas que colocaron\nuna serie de pancartas en el exterior, haciendo visible la inconformidad a la\nciudadan\u00eda.<\/p>\n\n\n\n<p>Expusieron que si bien la corrupci\u00f3n\nque impera en el Registro Civil ha sido documentada por un sinn\u00famero de medios\nde comunicaci\u00f3n, \u00e9sta lleva la anuencia tanto del gobernador, como de la\npresidenta honoraria del DIF.<\/p>\n\n\n\n<p>El conflicto inici\u00f3 el d\u00eda 6 de agosto,\ncuando trabajadores del Registro Civil protestaron ante el cambio de sede, ya\nque el lugar ser\u00eda destinado para un cluster gastron\u00f3mico, mismo que ser\u00eda\nconcesionado a particulares.<\/p>\n\n\n\n<p>Pero fue el propio Rosas Herrera quien\nmanifest\u00f3 a los delegados que el pap\u00e1 del gobernador, Jos\u00e9 Murat Casab,\npretende apropiarse de varias construcciones en el Centro Hist\u00f3rico y que \u00e9ste\nacto deb\u00eda impedirse, con lo cual alent\u00f3 a los empleados contra el mandatario.<\/p>\n\n\n\n<p>Fue en ese momento que Rafael Rosas\nHerrera inici\u00f3 una campa\u00f1a en todas las dependencias, a\u00fan cuando los\nsindicalizados no se encuentran laborando, debido a la cuarentena generada por\nla pandemia del covid-19.<\/p>\n\n\n\n<p>Este 11 de agosto, como si nada hubiera\npasado, el personal del Registro Civil, regres\u00f3 a sus labores cotidianas,\nmientras tanto Christian Hern\u00e1ndez continuar\u00e1 al frente de la dependencia.<\/p>\n\n\n\n<p>Se\u00f1alaron que el \u00fanico beneficiado en\nesta revuelta fue Juan Rafael Rosas quien logr\u00f3 negociar a t\u00edtulo personal la\nrenuncia de Sergio P\u00e9rez Gopar, director administrativo de Consejer\u00eda Jur\u00eddica,\ny obtener beneficios como comisiones para la gente cercana que le apoyar\u00e1 en la\npr\u00f3xima contienda, 100 bases con un costo alrededor de 350 mil pesos cada una y\nmil 500 nivelaciones que ser\u00e1n repartidas a conveniencia.<\/p>\n","protected":false},"excerpt":{"rendered":"<p>Redacci\u00f3n\/Zona Roja. Oaxaca de Ju\u00e1rez, Oax., 12 de agosto de 2020.- Trabajadores de base del&hellip;<\/p>\n","protected":false},"author":2,"featured_media":16180,"comment_status":"closed","ping_status":"open","sticky":false,"template":"","format":"standard","meta":{"_lmt_disableupdate":"","_lmt_disable":"","_jetpack_memberships_contains_paid_content":false,"footnotes":""},"categories":[109,47],"tags":[1917],"class_list":["post-16179","post","type-post","status-publish","format-standard","has-post-thumbnail","hentry","category-minuto-a-minuto","category-zona-gris","tag-juan-rafael-rosas-herrera"],"jetpack_featured_media_url":"https:\/\/zonaroja.com.mx\/wp-content\/uploads\/2020\/08\/Juan-Rafael-Rosas-Herrera.jpg","jetpack_sharing_enabled":true,"_links":{"self":[{"href":"https:\/\/zonaroja.com.mx\/index.php?rest_route=\/wp\/v2\/posts\/16179","targetHints":{"allow":["GET"]}}],"collection":[{"href":"https:\/\/zonaroja.com.mx\/index.php?rest_route=\/wp\/v2\/posts"}],"about":[{"href":"https:\/\/zonaroja.com.mx\/index.php?rest_route=\/wp\/v2\/types\/post"}],"author":[{"embeddable":true,"href":"https:\/\/zonaroja.com.mx\/index.php?rest_route=\/wp\/v2\/users\/2"}],"replies":[{"embeddable":true,"href":"https:\/\/zonaroja.com.mx\/index.php?rest_route=%2Fwp%2Fv2%2Fcomments&post=16179"}],"version-history":[{"count":1,"href":"https:\/\/zonaroja.com.mx\/index.php?rest_route=\/wp\/v2\/posts\/16179\/revisions"}],"predecessor-version":[{"id":16181,"href":"https:\/\/zonaroja.com.mx\/index.php?rest_route=\/wp\/v2\/posts\/16179\/revisions\/16181"}],"wp:featuredmedia":[{"embeddable":true,"href":"https:\/\/zonaroja.com.mx\/index.php?rest_route=\/wp\/v2\/media\/16180"}],"wp:attachment":[{"href":"https:\/\/zonaroja.com.mx\/index.php?rest_route=%2Fwp%2Fv2%2Fmedia&parent=16179"}],"wp:term":[{"taxonomy":"category","embeddable":true,"href":"https:\/\/zonaroja.com.mx\/index.php?rest_route=%2Fwp%2Fv2%2Fcategories&post=16179"},{"taxonomy":"post_tag","embeddable":true,"href":"https:\/\/zonaroja.com.mx\/index.php?rest_route=%2Fwp%2Fv2%2Ftags&post=16179"}],"curies":[{"name":"wp","href":"https:\/\/api.w.org\/{rel}","templated":true}]}}