{"id":16182,"date":"2020-08-12T18:09:50","date_gmt":"2020-08-12T23:09:50","guid":{"rendered":"http:\/\/www.zonaroja.com.mx\/?p=16182"},"modified":"2020-08-12T18:09:54","modified_gmt":"2020-08-12T23:09:54","slug":"llama-amic-a-constructores-oaxaquenos-inconformes-a-privilegiar-el-dialogo","status":"publish","type":"post","link":"https:\/\/zonaroja.com.mx\/?p=16182","title":{"rendered":"Llama AMIC a constructores oaxaque\u00f1os inconformes a privilegiar el di\u00e1logo"},"content":{"rendered":"\n<p>Redacci\u00f3n\/Zona Roja.<\/p>\n\n\n\n<p>Oaxaca de Ju\u00e1rez, Oax., 12 de agosto de\n2020.- Tras la protesta esta ma\u00f1ana con bloqueo vial por parte de constructores\noaxaque\u00f1os, el presidente de la Asociaci\u00f3n Mexicana de la Industria de la\nConstrucci\u00f3n (AMIC), Javier Ch\u00e1vez Rosales, expres\u00f3 que los manifestantes deben\nprivilegiar el di\u00e1logo con el gobierno y no realizar acciones que lastiman a la\nciudadan\u00eda.<\/p>\n\n\n\n<p>\u201cEn la AMIC creemos que todo lo que se\nacusa, se tiene que probar. Si los compa\u00f1eros tienen pruebas de alg\u00fan acto de\ncorrupci\u00f3n las deben de mostrar o presentar denuncias. Pero, si por otro lado,\nest\u00e1n moviliz\u00e1ndose para presionar y obtener privilegios, estar\u00edan evidenciando\nque s\u00f3lo buscan privilegiar sus interese propios\u201d, dijo Ch\u00e1vez Rosales.<\/p>\n\n\n\n<p>Actualmente, la administraci\u00f3n p\u00fablica\ntiene varios candados y varios m\u00e9todos para evitar actos de corrupci\u00f3n, por lo\nque es m\u00e1s complicado que se puedan violar las normas en las licitaciones o\nasignaciones de la obra p\u00fablica, asegur\u00f3 el presidente de la AMIC en Oaxaca.<\/p>\n\n\n\n<p>Javier Ch\u00e1vez llam\u00f3 al grupo inconforme\na entablar una mesa de di\u00e1logo con las autoridades para evitar afectar a la\nciudadan\u00eda con acciones de este tipo, que adem\u00e1s de da\u00f1ar la imagen de los\noaxaque\u00f1os, complica la incipiente reactivaci\u00f3n econ\u00f3mica que muestra ya la\ncapital del estado.<\/p>\n\n\n\n<p>Reconoci\u00f3, sin embargo, que el gremio\nde la construcci\u00f3n atraviesa por un momento dif\u00edcil, por lo que hizo un llamado\nal gobierno de Oaxaca a agilizar los procesos para la reactivaci\u00f3n de la obra\np\u00fablica, porque de ello dependen miles de familias en toda la entidad.<\/p>\n","protected":false},"excerpt":{"rendered":"<p>Redacci\u00f3n\/Zona Roja. Oaxaca de Ju\u00e1rez, Oax., 12 de agosto de 2020.- Tras la protesta esta&hellip;<\/p>\n","protected":false},"author":2,"featured_media":16183,"comment_status":"closed","ping_status":"open","sticky":false,"template":"","format":"standard","meta":{"_lmt_disableupdate":"","_lmt_disable":"","_jetpack_memberships_contains_paid_content":false,"footnotes":""},"categories":[109,46],"tags":[1918,1919],"class_list":["post-16182","post","type-post","status-publish","format-standard","has-post-thumbnail","hentry","category-minuto-a-minuto","category-zona-blanca","tag-asociacion-mexicana-de-la-industria-de-la-construccion","tag-javier-chavez-rosales"],"jetpack_featured_media_url":"https:\/\/zonaroja.com.mx\/wp-content\/uploads\/2020\/08\/Javier-Ch\u00e1vez-Rosales.jpg","jetpack_sharing_enabled":true,"_links":{"self":[{"href":"https:\/\/zonaroja.com.mx\/index.php?rest_route=\/wp\/v2\/posts\/16182","targetHints":{"allow":["GET"]}}],"collection":[{"href":"https:\/\/zonaroja.com.mx\/index.php?rest_route=\/wp\/v2\/posts"}],"about":[{"href":"https:\/\/zonaroja.com.mx\/index.php?rest_route=\/wp\/v2\/types\/post"}],"author":[{"embeddable":true,"href":"https:\/\/zonaroja.com.mx\/index.php?rest_route=\/wp\/v2\/users\/2"}],"replies":[{"embeddable":true,"href":"https:\/\/zonaroja.com.mx\/index.php?rest_route=%2Fwp%2Fv2%2Fcomments&post=16182"}],"version-history":[{"count":1,"href":"https:\/\/zonaroja.com.mx\/index.php?rest_route=\/wp\/v2\/posts\/16182\/revisions"}],"predecessor-version":[{"id":16184,"href":"https:\/\/zonaroja.com.mx\/index.php?rest_route=\/wp\/v2\/posts\/16182\/revisions\/16184"}],"wp:featuredmedia":[{"embeddable":true,"href":"https:\/\/zonaroja.com.mx\/index.php?rest_route=\/wp\/v2\/media\/16183"}],"wp:attachment":[{"href":"https:\/\/zonaroja.com.mx\/index.php?rest_route=%2Fwp%2Fv2%2Fmedia&parent=16182"}],"wp:term":[{"taxonomy":"category","embeddable":true,"href":"https:\/\/zonaroja.com.mx\/index.php?rest_route=%2Fwp%2Fv2%2Fcategories&post=16182"},{"taxonomy":"post_tag","embeddable":true,"href":"https:\/\/zonaroja.com.mx\/index.php?rest_route=%2Fwp%2Fv2%2Ftags&post=16182"}],"curies":[{"name":"wp","href":"https:\/\/api.w.org\/{rel}","templated":true}]}}