{"id":16185,"date":"2020-08-12T19:02:49","date_gmt":"2020-08-13T00:02:49","guid":{"rendered":"http:\/\/www.zonaroja.com.mx\/?p=16185"},"modified":"2020-08-12T19:02:53","modified_gmt":"2020-08-13T00:02:53","slug":"juez-ordena-reconexion-de-agua-para-ayutla-luego-de-3-anos-sin-el-vital-liquido","status":"publish","type":"post","link":"https:\/\/zonaroja.com.mx\/?p=16185","title":{"rendered":"Juez ordena reconexi\u00f3n de agua para Ayutla, luego de 3 a\u00f1os sin el vital l\u00edquido"},"content":{"rendered":"\n<p>Yuridiana Sosa\/Zona Roja.<\/p>\n\n\n\n<p>Oaxaca de Ju\u00e1rez, Oax., 12 de agosto de\n2020.- El Juzgado Tercero de Distrito con sede en de Oaxaca, orden\u00f3 al gobierno\nestatal realice la reconexi\u00f3n del sistema de agua potable para la comunidad de\nSan Pedro y San Pablo Ayutla Mixe, a fin de respetar, proteger y cumplir con el\nderecho humano de acceso al agua.<\/p>\n\n\n\n<p>La comunidad ind\u00edgena de Oaxaca qued\u00f3\nsin acceso al vital l\u00edquido desde 2017, cuando un grupo armado de la poblaci\u00f3n\nvecina de Tamazul\u00e1pam del Esp\u00edritu Santo se apoder\u00f3 de los predios donde se\nencontraba el manantial, que era utilizado desde hace 50 a\u00f1os como su sistema\nde agua potable; fue cerrado y destruido.<\/p>\n\n\n\n<p>La activista por la lengua ayuujk,\nY\u00e1snaya Elena Aguilar Gil, confirm\u00f3 a trav\u00e9s de las rede sociales la sentencia\ndel juez a favor de Ayutla Mixe, tras un largo proceso federal que la comunidad\nemprendi\u00f3 en busca de un derecho vital.<\/p>\n\n\n\n<p>El Juzgado Tercero concedi\u00f3 el amparo y\nprotecci\u00f3n de la justicia federal para efecto de que el gobernador\nconstitucional del estado de Oaxaca; el secretario General de Gobierno, el\ndirector de la Comisi\u00f3n Estatal del Agua y el director general del Organismo\nCuenca Pac\u00edfico Sur en la Comisi\u00f3n Nacional del Agua con sede en Oaxaca de\nJu\u00e1rez, realicen el procedimiento necesario para la reconexi\u00f3n de agua para\nAyutla.<\/p>\n\n\n\n<p>Orden\u00f3 que se agoten todos los medios\nque tienen a su alcance para que se realice dicho acto, mismo que deber\u00e1\ncumplir el volumen de metros c\u00fabicos de explotaci\u00f3n en los t\u00e9rminos autorizados\nen la concesi\u00f3n 10OAX129282\/28HOGR99, expedida San Pedro y San Pablo Ayutla el\n24 de diciembre de 1999.<\/p>\n\n\n\n<p>En abril de este a\u00f1o la Comisi\u00f3n\nNacional de Derechos Humanos (CNDH) emiti\u00f3 medidas cautelares a favor del\npueblo de Ayutla Mixe para enfrentar la emergencia sanitaria por Covid-19, en\nla que el uso del agua como recurso de higiene es fundamental para evitar los\ncontagios.<\/p>\n\n\n\n<p>A pesar de los llamados que el Presidente\nAndr\u00e9s Manuel L\u00f3pez Obrador realiz\u00f3 al gobernador Alejandro Murat Hinojosa para\nla reinstalaci\u00f3n de ese servicio durante sus visitas a Oaxaca, el mandatario\nestatal incumpli\u00f3.&nbsp; <\/p>\n","protected":false},"excerpt":{"rendered":"<p>Yuridiana Sosa\/Zona Roja. Oaxaca de Ju\u00e1rez, Oax., 12 de agosto de 2020.- El Juzgado Tercero&hellip;<\/p>\n","protected":false},"author":2,"featured_media":9917,"comment_status":"closed","ping_status":"open","sticky":false,"template":"","format":"standard","meta":{"_lmt_disableupdate":"","_lmt_disable":"","_jetpack_memberships_contains_paid_content":false,"footnotes":""},"categories":[109,47],"tags":[501],"class_list":["post-16185","post","type-post","status-publish","format-standard","has-post-thumbnail","hentry","category-minuto-a-minuto","category-zona-gris","tag-san-pedro-y-san-pablo-ayutla-mixe"],"jetpack_featured_media_url":"https:\/\/zonaroja.com.mx\/wp-content\/uploads\/2020\/03\/Manantial-Ayutla-Mixe.jpg","jetpack_sharing_enabled":true,"_links":{"self":[{"href":"https:\/\/zonaroja.com.mx\/index.php?rest_route=\/wp\/v2\/posts\/16185","targetHints":{"allow":["GET"]}}],"collection":[{"href":"https:\/\/zonaroja.com.mx\/index.php?rest_route=\/wp\/v2\/posts"}],"about":[{"href":"https:\/\/zonaroja.com.mx\/index.php?rest_route=\/wp\/v2\/types\/post"}],"author":[{"embeddable":true,"href":"https:\/\/zonaroja.com.mx\/index.php?rest_route=\/wp\/v2\/users\/2"}],"replies":[{"embeddable":true,"href":"https:\/\/zonaroja.com.mx\/index.php?rest_route=%2Fwp%2Fv2%2Fcomments&post=16185"}],"version-history":[{"count":1,"href":"https:\/\/zonaroja.com.mx\/index.php?rest_route=\/wp\/v2\/posts\/16185\/revisions"}],"predecessor-version":[{"id":16186,"href":"https:\/\/zonaroja.com.mx\/index.php?rest_route=\/wp\/v2\/posts\/16185\/revisions\/16186"}],"wp:featuredmedia":[{"embeddable":true,"href":"https:\/\/zonaroja.com.mx\/index.php?rest_route=\/wp\/v2\/media\/9917"}],"wp:attachment":[{"href":"https:\/\/zonaroja.com.mx\/index.php?rest_route=%2Fwp%2Fv2%2Fmedia&parent=16185"}],"wp:term":[{"taxonomy":"category","embeddable":true,"href":"https:\/\/zonaroja.com.mx\/index.php?rest_route=%2Fwp%2Fv2%2Fcategories&post=16185"},{"taxonomy":"post_tag","embeddable":true,"href":"https:\/\/zonaroja.com.mx\/index.php?rest_route=%2Fwp%2Fv2%2Ftags&post=16185"}],"curies":[{"name":"wp","href":"https:\/\/api.w.org\/{rel}","templated":true}]}}