{"id":1619,"date":"2019-06-14T07:07:32","date_gmt":"2019-06-14T12:07:32","guid":{"rendered":"http:\/\/www.zonaroja.com.mx\/?p=1619"},"modified":"2019-06-14T09:02:18","modified_gmt":"2019-06-14T14:02:18","slug":"a-dos-dias-de-triple-ejecucion-asesinan-a-policia-en-el-istmo","status":"publish","type":"post","link":"https:\/\/zonaroja.com.mx\/?p=1619","title":{"rendered":"A dos d\u00edas de triple ejecuci\u00f3n, asesinan a polic\u00eda en el Istmo"},"content":{"rendered":"\n<p>Redacci\u00f3n<\/p>\n\n\n\n<p>Oaxaca de\nJu\u00e1rez, Oax., 14 de junio del 2016.- A 48 a\u00f1os de una triple ejecuci\u00f3n en el Istmo\nde Tehuantepec, un polic\u00eda municipal fue ejecutado a balazos en la misma regi\u00f3n\ndel estado de Oaxaca.<\/p>\n\n\n\n<p>El cuerpo de\nla v\u00edctima fue localizada anoche cerca de las 23:00 horas en inmediaciones de\nla comunidad de Chivela, agencia municipal de Asunci\u00f3n Ixtaltepec.<\/p>\n\n\n\n<p>De acuerdo\ncon los primeros informes, se trata de un integrante de la Polic\u00eda Municipal de\nSanto Domingo Petapa, tambi\u00e9n del Istmo, que presenta un disparo en la cabeza y\nque le destroz\u00f3 la cara.<\/p>\n\n\n\n<p>El cuerpo\na\u00fan ten\u00eda su uniforme de la corporaci\u00f3n y la Vicefiscal\u00eda Regional del Istmo no\ntiene ninguna pista del o los probables agresores.<\/p>\n\n\n\n<p>Tampoco del\ntriple homicidio ocurrido la madrugada del mi\u00e9rcoles a un costado de la\ncarretera Panamericana, entre La Venta, Juchit\u00e1n, y Santo Domingo Ingenio.<\/p>\n\n\n\n<p>Por otra\nparte, ayer por la tarde durante una gira por Pinotepa Nacional, el gobernador\nAlejandro Murat asegur\u00f3, con relaci\u00f3n a la inseguridad:<\/p>\n\n\n\n<p>\u201cAc\u00e1 hemos dado\ngolpes importantes, hace unos d\u00edas detuvimos a dos secuestradores ac\u00e1, y vamos\nfrontal contra aquellos que quieren lastimar a las familias oaxaque\u00f1as. Todos\nlos d\u00edas arranco a las ocho de la ma\u00f1ana en las reuniones de seguridad, en las\nque estoy ocupado\u201d.<\/p>\n","protected":false},"excerpt":{"rendered":"<p>Redacci\u00f3n Oaxaca de Ju\u00e1rez, Oax., 14 de junio del 2016.- A 48 a\u00f1os de una&hellip;<\/p>\n","protected":false},"author":2,"featured_media":1620,"comment_status":"closed","ping_status":"open","sticky":false,"template":"","format":"standard","meta":{"_lmt_disableupdate":"","_lmt_disable":"","_jetpack_memberships_contains_paid_content":false,"footnotes":""},"categories":[109,51],"tags":[85,108,86,58],"class_list":["post-1619","post","type-post","status-publish","format-standard","has-post-thumbnail","hentry","category-minuto-a-minuto","category-zona-roja","tag-crimen-organizado","tag-ejecuciones","tag-istmo-de-tehuantepec","tag-oaxaca"],"jetpack_featured_media_url":"https:\/\/zonaroja.com.mx\/wp-content\/uploads\/2019\/06\/e01aec37-e76c-48f9-9148-1ffe7797cefa.jpg","jetpack_sharing_enabled":true,"_links":{"self":[{"href":"https:\/\/zonaroja.com.mx\/index.php?rest_route=\/wp\/v2\/posts\/1619","targetHints":{"allow":["GET"]}}],"collection":[{"href":"https:\/\/zonaroja.com.mx\/index.php?rest_route=\/wp\/v2\/posts"}],"about":[{"href":"https:\/\/zonaroja.com.mx\/index.php?rest_route=\/wp\/v2\/types\/post"}],"author":[{"embeddable":true,"href":"https:\/\/zonaroja.com.mx\/index.php?rest_route=\/wp\/v2\/users\/2"}],"replies":[{"embeddable":true,"href":"https:\/\/zonaroja.com.mx\/index.php?rest_route=%2Fwp%2Fv2%2Fcomments&post=1619"}],"version-history":[{"count":2,"href":"https:\/\/zonaroja.com.mx\/index.php?rest_route=\/wp\/v2\/posts\/1619\/revisions"}],"predecessor-version":[{"id":1624,"href":"https:\/\/zonaroja.com.mx\/index.php?rest_route=\/wp\/v2\/posts\/1619\/revisions\/1624"}],"wp:featuredmedia":[{"embeddable":true,"href":"https:\/\/zonaroja.com.mx\/index.php?rest_route=\/wp\/v2\/media\/1620"}],"wp:attachment":[{"href":"https:\/\/zonaroja.com.mx\/index.php?rest_route=%2Fwp%2Fv2%2Fmedia&parent=1619"}],"wp:term":[{"taxonomy":"category","embeddable":true,"href":"https:\/\/zonaroja.com.mx\/index.php?rest_route=%2Fwp%2Fv2%2Fcategories&post=1619"},{"taxonomy":"post_tag","embeddable":true,"href":"https:\/\/zonaroja.com.mx\/index.php?rest_route=%2Fwp%2Fv2%2Ftags&post=1619"}],"curies":[{"name":"wp","href":"https:\/\/api.w.org\/{rel}","templated":true}]}}