{"id":16190,"date":"2020-08-12T21:07:29","date_gmt":"2020-08-13T02:07:29","guid":{"rendered":"http:\/\/www.zonaroja.com.mx\/?p=16190"},"modified":"2020-08-12T21:07:34","modified_gmt":"2020-08-13T02:07:34","slug":"exhortan-a-gobernador-a-disminuir-partidas-por-300-mdp-para-asignar-a-salud","status":"publish","type":"post","link":"https:\/\/zonaroja.com.mx\/?p=16190","title":{"rendered":"Exhortan a gobernador a disminuir partidas por 300 mdp para asignar a salud"},"content":{"rendered":"\n<p>Ismael Garc\u00eda M.\/Zona Roja.<\/p>\n\n\n\n<p>Oaxaca de Ju\u00e1rez, Oax., 12 de agosto de\n2020.- El Congreso del Estado aprob\u00f3 hoy un exhorto al gobernador de Oaxaca,\nAlejandro Murat Hinojosa, para disminuir recursos presupuestales de diversas\npartidas y reasignar m\u00e1s de 300 millones de pesos al sector salud, para el\ncombate a la pandemia de Covid-19.<\/p>\n\n\n\n<p>El monto total de 300 millones siete\nmil 800 pesos, deber\u00e1 ser utilizado para la cobertura de las necesidades de\natenci\u00f3n derivadas de la emergencia sanitaria, priorizando la adquisici\u00f3n de\ninsumos m\u00e9dicos, de equipo de protecci\u00f3n para el personal, equipo m\u00e9dico como\nventiladores respiratorios, entre otros.<\/p>\n\n\n\n<p>Seg\u00fan el acuerdo aprobado con 29 votos,\nen el rubro de Comunicaci\u00f3n Social, deber\u00e1 disminuir los gastos asignados a \u201cDifusi\u00f3n\npor radio, televisi\u00f3n y otros medios de mensajes sobre programas y actividades\ngubernamentales\u201d, previstos en 200 millones 977 mil 700 pesos, a 50 millones\n977 mil pesos.<\/p>\n\n\n\n<p>Del rubro \u201cServicios de creatividad, preproducci\u00f3n y producci\u00f3n de publicidad, excepto internet\u201d, deber\u00e1 reducir de 21 millones 851 mil pesos a seis millones 851 mil pesos, redirigiendo 15 millones de pesos.<\/p>\n\n\n\n<figure class=\"wp-block-embed-twitter wp-block-embed is-type-rich is-provider-twitter\"><div class=\"wp-block-embed__wrapper\">\n<div class=\"twitter-tweet\"><blockquote class=\"twitter-tweet\" data-lang=\"es\"><p lang=\"es\" dir=\"ltr\"><a href=\"https:\/\/twitter.com\/hashtag\/%C3%9AltimoMinuto?src=hash&amp;ref_src=twsrc%5Etfw\">#\u00daltimoMinuto<\/a> <br>Con 29 votos a favor, el <a href=\"https:\/\/twitter.com\/CongresoOaxLXIV?ref_src=twsrc%5Etfw\">@CongresoOaxLXIV<\/a> aprob\u00f3 un exhorto dirigido al gobernador <a href=\"https:\/\/twitter.com\/alejandromurat?ref_src=twsrc%5Etfw\">@alejandromurat<\/a>, para que disminuya en algunos casos y modifique en otros el presupuesto estatal, entre ellos de <a href=\"https:\/\/twitter.com\/VoceriaGobOax?ref_src=twsrc%5Etfw\">@VoceriaGobOax<\/a>, para destinarlos al sector salud. <a href=\"https:\/\/t.co\/YgeoOPCjnu\">pic.twitter.com\/YgeoOPCjnu<\/a><\/p>&mdash; Zona Roja Oaxaca (@MexRoja) <a href=\"https:\/\/twitter.com\/MexRoja\/status\/1293633850531348480?ref_src=twsrc%5Etfw\">12 de agosto de 2020<\/a><\/blockquote><\/div>\n<\/div><\/figure>\n\n\n\n<p>De \u201cServicios de creaci\u00f3n y difusi\u00f3n de\ncontenido exclusivamente a trav\u00e9s de internet\u201d, de 15 millones 100 mil pesos, a\ncinco millones 100 mil pesos, disponiendo para salud, 10 millones de pesos.<\/p>\n\n\n\n<p>De otras \u00e1reas, en el rubro de \u201cServicios\nde traslado y vi\u00e1ticos en pasajes a\u00e9reos\u201d, reducir de ocho millones 361 mil 176\npesos, a dos millones 361 mil 176 pesos, redirigiendo seis millones de pesos.<\/p>\n\n\n\n<p>De \u201cPasajes terrestres\u201d, de dos\nmillones 660 mil pesos, a dos millones 460 mil pesos, redirigiendo 200 mil\npesos.<\/p>\n\n\n\n<p>De \u201cVi\u00e1ticos en el pa\u00eds\u201d, de 20\nmillones 580 mil pesos, a cinco millones 480 mil pesos, redirigiendo 15\nmillones 100 mil pesos.<\/p>\n\n\n\n<p>Asimismo, de \u201cVi\u00e1ticos en el extranjero\u201d,\neliminar lo asignado por un mill\u00f3n 207 mil pesos, redirigiendo todo al sector\nsalud; de \u201cOtros servicios de traslado y hospedaje\u201d, de dos millones 970 mil\npesos, a 470 mil 245 pesos, redirigiendo dos millones 500 mil pesos.<\/p>\n\n\n\n<p>En servicios de arrendamiento, reducir\nlo previsto en \u201cArrendamiento de equipo de transporte\u201d de 128 mil 47 pesos a 28\nmil 47 pesos, redirigiendo 100 mil pesos.<\/p>\n\n\n\n<p>La iniciativa fue presentada por el\ndiputado Mauro Cruz S\u00e1nchez, presidente de la Comisi\u00f3n de Presupuesto y\nProgramaci\u00f3n de la 64 Legislatura local.<\/p>\n","protected":false},"excerpt":{"rendered":"<p>Ismael Garc\u00eda M.\/Zona Roja. Oaxaca de Ju\u00e1rez, Oax., 12 de agosto de 2020.- El Congreso&hellip;<\/p>\n","protected":false},"author":2,"featured_media":16191,"comment_status":"closed","ping_status":"open","sticky":false,"template":"","format":"standard","meta":{"_lmt_disableupdate":"","_lmt_disable":"","_jetpack_memberships_contains_paid_content":false,"footnotes":""},"categories":[109,46],"tags":[213],"class_list":["post-16190","post","type-post","status-publish","format-standard","has-post-thumbnail","hentry","category-minuto-a-minuto","category-zona-blanca","tag-64-legislatura-de-oaxaca"],"jetpack_featured_media_url":"https:\/\/zonaroja.com.mx\/wp-content\/uploads\/2020\/08\/Sesi\u00f3n-Congreso-Oaxaca.png","jetpack_sharing_enabled":true,"_links":{"self":[{"href":"https:\/\/zonaroja.com.mx\/index.php?rest_route=\/wp\/v2\/posts\/16190","targetHints":{"allow":["GET"]}}],"collection":[{"href":"https:\/\/zonaroja.com.mx\/index.php?rest_route=\/wp\/v2\/posts"}],"about":[{"href":"https:\/\/zonaroja.com.mx\/index.php?rest_route=\/wp\/v2\/types\/post"}],"author":[{"embeddable":true,"href":"https:\/\/zonaroja.com.mx\/index.php?rest_route=\/wp\/v2\/users\/2"}],"replies":[{"embeddable":true,"href":"https:\/\/zonaroja.com.mx\/index.php?rest_route=%2Fwp%2Fv2%2Fcomments&post=16190"}],"version-history":[{"count":1,"href":"https:\/\/zonaroja.com.mx\/index.php?rest_route=\/wp\/v2\/posts\/16190\/revisions"}],"predecessor-version":[{"id":16192,"href":"https:\/\/zonaroja.com.mx\/index.php?rest_route=\/wp\/v2\/posts\/16190\/revisions\/16192"}],"wp:featuredmedia":[{"embeddable":true,"href":"https:\/\/zonaroja.com.mx\/index.php?rest_route=\/wp\/v2\/media\/16191"}],"wp:attachment":[{"href":"https:\/\/zonaroja.com.mx\/index.php?rest_route=%2Fwp%2Fv2%2Fmedia&parent=16190"}],"wp:term":[{"taxonomy":"category","embeddable":true,"href":"https:\/\/zonaroja.com.mx\/index.php?rest_route=%2Fwp%2Fv2%2Fcategories&post=16190"},{"taxonomy":"post_tag","embeddable":true,"href":"https:\/\/zonaroja.com.mx\/index.php?rest_route=%2Fwp%2Fv2%2Ftags&post=16190"}],"curies":[{"name":"wp","href":"https:\/\/api.w.org\/{rel}","templated":true}]}}