{"id":16193,"date":"2020-08-12T21:32:56","date_gmt":"2020-08-13T02:32:56","guid":{"rendered":"http:\/\/www.zonaroja.com.mx\/?p=16193"},"modified":"2020-08-12T21:33:00","modified_gmt":"2020-08-13T02:33:00","slug":"corrupcion-en-el-municipio-capitalino-recriminan-comerciantes","status":"publish","type":"post","link":"https:\/\/zonaroja.com.mx\/?p=16193","title":{"rendered":"Corrupci\u00f3n en el municipio capitalino, recriminan comerciantes"},"content":{"rendered":"\n<p>Evlin Arag\u00f3n\/Zona Roja.<\/p>\n\n\n\n<p>Oaxaca de Ju\u00e1rez, Oax., 12 de agosto de\n2020.- \u201cSolo queremos trabajar. Pedimos derecho de audiencia. La Canacope\nsiempre ha sido respetuosa con los tres niveles de gobierno, sin embargo, a\nestas alturas es insostenible la econom\u00eda\u201d.<\/p>\n\n\n\n<p>Esas son parte de las decenas de\npancartas que fueron colocadas este mi\u00e9rcoles en el acceso principal a la sede del\nayuntamiento de Oaxaca de Ju\u00e1rez.&nbsp; <\/p>\n\n\n\n<p>Y es que decenas de trabajadores de\nestablecimientos comerciales que se encuentran dentro de la formalidad, se\nmanifestaron para exigir una audiencia con el edil Oswaldo Garc\u00eda Jarqu\u00edn, a\nquien \u00fanicamente se le ve activo en sus redes sociales y no as\u00ed en sus labores\ncomo m\u00e1xima autoridad en la capital del estado.&nbsp;\n<\/p>\n\n\n\n<p>Salvador L\u00f3pez L\u00f3pez, dirigentes de la\nC\u00e1mara de Comercio en Peque\u00f1o, Servicios y Turismo de Oaxaca\n(Canacope-Servytur) denunci\u00f3 la corrupci\u00f3n y las negociones por debajo de la\nmesa que se han consolidado al interior del municipio, debido a que no existe\npiso parejo para los negocios del giro de bares y cantinas. <\/p>\n\n\n\n<p>Explic\u00f3 que mientras alguno locales se\nmantienen cerrados debido a la contingencia sanitaria, otros ya han abierto sus\npuertas sin que sean molestados por parte de las autoridades, a diferencia de\ncuatro establecimientos en espec\u00edfico que han sido clausurados con la intenci\u00f3n\nde cobrarles un recurso para que puedan iniciar sus actividades. <\/p>\n\n\n\n<p>De igual forma, manifest\u00f3 que propietarios y personal de los negocios adheridos a la C\u00e1mara han sido sensibilizados y capacitados sobre las medidas sanitarias necesarias para re iniciar las actividades, as\u00ed como se han habilitado lo espacios para cumplir con sana distancia, raz\u00f3n por la que no entienden la reciente clausura de las cuatro empresas que cumplen con los requisitos. <\/p>\n\n\n\n<figure class=\"wp-block-embed-twitter wp-block-embed is-type-rich is-provider-twitter\"><div class=\"wp-block-embed__wrapper\">\n<div class=\"twitter-tweet\"><blockquote class=\"twitter-tweet\" data-lang=\"es\"><p lang=\"es\" dir=\"ltr\"><a href=\"https:\/\/twitter.com\/hashtag\/%C3%9AltimaHora?src=hash&amp;ref_src=twsrc%5Etfw\">#\u00daltimaHora<\/a><br>\u00bfD\u00f3nde est\u00e1? El presidente municipal de <a href=\"https:\/\/twitter.com\/MunicipioOaxaca?ref_src=twsrc%5Etfw\">@MunicipioOaxaca<\/a>, <a href=\"https:\/\/twitter.com\/oswaldogarciaj?ref_src=twsrc%5Etfw\">@oswaldogarciaj<\/a>, sigue sin aparecer, y los problemas no cesan; hoy protestaron frente a la sede del ayuntamiento, afiliados a la C\u00e1mara Nacional de Comercio, Servicios y Turismo. <a href=\"https:\/\/t.co\/jYEO7QSrh3\">pic.twitter.com\/jYEO7QSrh3<\/a><\/p>&mdash; Zona Roja Oaxaca (@MexRoja) <a href=\"https:\/\/twitter.com\/MexRoja\/status\/1293689618014052352?ref_src=twsrc%5Etfw\">12 de agosto de 2020<\/a><\/blockquote><\/div>\n<\/div><\/figure>\n\n\n\n<p>\u201cTodos los afiliados de todos los giros\ntenemos claro los protocolos sanitarios que hay que seguir, hemos adecuados\nnuestros espacios y comprado el material necesario para cumplir con las\nindicaciones de las autoridades\u201c, refiri\u00f3 Salvador L\u00f3pez.&nbsp; <\/p>\n\n\n\n<p>As\u00ed mismo, cuestion\u00f3 el cobro de\n\u201cdesclausura\u201d que la autoridad pretende realizar a sabiendas que no hay\nrecursos en estos momentos para realizar pagos extras, que adem\u00e1s no queda\nclaro porque fueron asignados a unos negocios y otros no, a la par que\ndenunciaron a la directora de Desarrollo Econ\u00f3mico, Ana Cecilia Ruiz Aceves, de\nno prestarse al di\u00e1logo.&nbsp; <\/p>\n\n\n\n<p>Por lo anterior, aseguraron que no les\nqued\u00f3 de otra m\u00e1s que realizar la protesta de forma p\u00fablica, a fin de que el\nedil tome cartas en el asunto, ya que han visto una evidente tendencia de\nafectar a los establecimientos adscritos a la Canacope-Servytur, que supera la\ncifra de 900, por encima de cualquier otra organizaci\u00f3n y de los que se\nencuentran en la informalidad. <\/p>\n","protected":false},"excerpt":{"rendered":"<p>Evlin Arag\u00f3n\/Zona Roja. Oaxaca de Ju\u00e1rez, Oax., 12 de agosto de 2020.- \u201cSolo queremos trabajar.&hellip;<\/p>\n","protected":false},"author":2,"featured_media":16194,"comment_status":"closed","ping_status":"open","sticky":false,"template":"","format":"standard","meta":{"_lmt_disableupdate":"","_lmt_disable":"","_jetpack_memberships_contains_paid_content":false,"footnotes":""},"categories":[109,47],"tags":[148,115],"class_list":["post-16193","post","type-post","status-publish","format-standard","has-post-thumbnail","hentry","category-minuto-a-minuto","category-zona-gris","tag-oaxaca-de-juarez","tag-oswaldo-garcia-jarquin"],"jetpack_featured_media_url":"https:\/\/zonaroja.com.mx\/wp-content\/uploads\/2020\/08\/Protesta-Canacope-ciudad.jpg","jetpack_sharing_enabled":true,"_links":{"self":[{"href":"https:\/\/zonaroja.com.mx\/index.php?rest_route=\/wp\/v2\/posts\/16193","targetHints":{"allow":["GET"]}}],"collection":[{"href":"https:\/\/zonaroja.com.mx\/index.php?rest_route=\/wp\/v2\/posts"}],"about":[{"href":"https:\/\/zonaroja.com.mx\/index.php?rest_route=\/wp\/v2\/types\/post"}],"author":[{"embeddable":true,"href":"https:\/\/zonaroja.com.mx\/index.php?rest_route=\/wp\/v2\/users\/2"}],"replies":[{"embeddable":true,"href":"https:\/\/zonaroja.com.mx\/index.php?rest_route=%2Fwp%2Fv2%2Fcomments&post=16193"}],"version-history":[{"count":1,"href":"https:\/\/zonaroja.com.mx\/index.php?rest_route=\/wp\/v2\/posts\/16193\/revisions"}],"predecessor-version":[{"id":16195,"href":"https:\/\/zonaroja.com.mx\/index.php?rest_route=\/wp\/v2\/posts\/16193\/revisions\/16195"}],"wp:featuredmedia":[{"embeddable":true,"href":"https:\/\/zonaroja.com.mx\/index.php?rest_route=\/wp\/v2\/media\/16194"}],"wp:attachment":[{"href":"https:\/\/zonaroja.com.mx\/index.php?rest_route=%2Fwp%2Fv2%2Fmedia&parent=16193"}],"wp:term":[{"taxonomy":"category","embeddable":true,"href":"https:\/\/zonaroja.com.mx\/index.php?rest_route=%2Fwp%2Fv2%2Fcategories&post=16193"},{"taxonomy":"post_tag","embeddable":true,"href":"https:\/\/zonaroja.com.mx\/index.php?rest_route=%2Fwp%2Fv2%2Ftags&post=16193"}],"curies":[{"name":"wp","href":"https:\/\/api.w.org\/{rel}","templated":true}]}}