{"id":16196,"date":"2020-08-12T21:44:47","date_gmt":"2020-08-13T02:44:47","guid":{"rendered":"http:\/\/www.zonaroja.com.mx\/?p=16196"},"modified":"2020-08-12T21:44:52","modified_gmt":"2020-08-13T02:44:52","slug":"trasladan-la-ciudad-de-oaxaca-a-49-migrantes-detenidos-en-la-mixteca","status":"publish","type":"post","link":"https:\/\/zonaroja.com.mx\/?p=16196","title":{"rendered":"Trasladan la ciudad de Oaxaca a 49 migrantes detenidos en la Mixteca"},"content":{"rendered":"\n<p>Yuridiana Sosa\/Zona Roja.<\/p>\n\n\n\n<p>Oaxaca de Ju\u00e1rez, Oax., 12 de agosto de\n2020.- Al menos 49 migrantes de pa\u00edses de Centroam\u00e9rica fueron asegurados por polic\u00edas\nmunicipales cuando transitaban por el municipio de Asunci\u00f3n Nochixtl\u00e1n a bordo\nde varios veh\u00edculos.<\/p>\n\n\n\n<p>De manera preliminar se inform\u00f3 que se\ntrata personas de origen extranjero que se hallaron en el cerro de San Andr\u00e9s\nSachio, de ese municipio de la regi\u00f3n Mixteca, a bordo de siete veh\u00edculos\ncompactos y camionetas.<\/p>\n\n\n\n<p>Entre las personas fue identificada la presencia de cinco menores de edad, seis mujeres y 38 varones, quienes quedaron a disposici\u00f3n del Instituto Nacional de Migraci\u00f3n en la ciudad de Oaxaca, para realizar los procedimientos correspondientes sobre su presencia en M\u00e9xico o en su caso iniciar con la deportaci\u00f3n.<\/p>\n\n\n\n<figure class=\"wp-block-embed-twitter wp-block-embed is-type-rich is-provider-twitter\"><div class=\"wp-block-embed__wrapper\">\n<div class=\"twitter-tweet\"><blockquote class=\"twitter-tweet\" data-lang=\"es\"><p lang=\"es\" dir=\"ltr\"><a href=\"https:\/\/twitter.com\/hashtag\/%C3%9AltimoMinuto?src=hash&amp;ref_src=twsrc%5Etfw\">#\u00daltimoMinuto<\/a>  <br>Al menos 55 <a href=\"https:\/\/twitter.com\/hashtag\/migrantes?src=hash&amp;ref_src=twsrc%5Etfw\">#migrantes<\/a> centroamericanos fueron interceptados en Asunci\u00f3n <a href=\"https:\/\/twitter.com\/hashtag\/Nochixtl%C3%A1n?src=hash&amp;ref_src=twsrc%5Etfw\">#Nochixtl\u00e1n<\/a> por la polic\u00eda municipal; esta tarde los trajeron a las oficinas del <a href=\"https:\/\/twitter.com\/INAMI_mx?ref_src=twsrc%5Etfw\">@INAMI_mx<\/a> en la ciudad de <a href=\"https:\/\/twitter.com\/hashtag\/Oaxaca?src=hash&amp;ref_src=twsrc%5Etfw\">#Oaxaca<\/a>. <a href=\"https:\/\/t.co\/OCULhh5DAX\">pic.twitter.com\/OCULhh5DAX<\/a><\/p>&mdash; Zona Roja Oaxaca (@MexRoja) <a href=\"https:\/\/twitter.com\/MexRoja\/status\/1293649985192550401?ref_src=twsrc%5Etfw\">12 de agosto de 2020<\/a><\/blockquote><\/div>\n<\/div><\/figure>\n\n\n\n<p>En el operativo tambi\u00e9n se aseguraron\nuna camioneta marca Ford, de tres toneladas con placas de circulaci\u00f3n CW9672A\ndel estado de Chiapas; camioneta marca Ford, con placas de circulaci\u00f3n HC3199-B\ndel estado de Guerrero, camioneta marca Ford, color rojo, con placas de\ncirculaci\u00f3n V84AZN de la Ciudad de M\u00e9xico.<\/p>\n\n\n\n<p>Tambi\u00e9n una camioneta marca Ford con\nplacas de circulaci\u00f3n J12BEU de la Ciudad de M\u00e9xico; camioneta marca Chevrolet,\ncolor arena y placas de circulaci\u00f3n B97AZU de la Ciudad de M\u00e9xico, as\u00ed como un\nveh\u00edculo marca Chevrolet, color azul, con placas de circulaci\u00f3n CW36012 del\nestado de Chiapas y un autom\u00f3vil marca Volkswagen, tipo Jetta con placas\nHCM646C del estado de Guerrero.<\/p>\n\n\n\n<p>A la llegada a la sede del Instituto\nNacional de Migraci\u00f3n, con sede en la capital, se inform\u00f3 que una migrante\nten\u00eda temperatura superior a los 38 grados; no obstante, no se aplicaron los\nprotocolos sanitarios para verificar si tra\u00eda s\u00edntomas de Covid-19.<\/p>\n","protected":false},"excerpt":{"rendered":"<p>Yuridiana Sosa\/Zona Roja. Oaxaca de Ju\u00e1rez, Oax., 12 de agosto de 2020.- Al menos 49&hellip;<\/p>\n","protected":false},"author":2,"featured_media":16197,"comment_status":"closed","ping_status":"open","sticky":false,"template":"","format":"standard","meta":{"_lmt_disableupdate":"","_lmt_disable":"","_jetpack_memberships_contains_paid_content":false,"footnotes":""},"categories":[109,47],"tags":[204],"class_list":["post-16196","post","type-post","status-publish","format-standard","has-post-thumbnail","hentry","category-minuto-a-minuto","category-zona-gris","tag-instituto-nacional-de-migracion"],"jetpack_featured_media_url":"https:\/\/zonaroja.com.mx\/wp-content\/uploads\/2020\/08\/Migrantes-centroamericanos.png","jetpack_sharing_enabled":true,"_links":{"self":[{"href":"https:\/\/zonaroja.com.mx\/index.php?rest_route=\/wp\/v2\/posts\/16196","targetHints":{"allow":["GET"]}}],"collection":[{"href":"https:\/\/zonaroja.com.mx\/index.php?rest_route=\/wp\/v2\/posts"}],"about":[{"href":"https:\/\/zonaroja.com.mx\/index.php?rest_route=\/wp\/v2\/types\/post"}],"author":[{"embeddable":true,"href":"https:\/\/zonaroja.com.mx\/index.php?rest_route=\/wp\/v2\/users\/2"}],"replies":[{"embeddable":true,"href":"https:\/\/zonaroja.com.mx\/index.php?rest_route=%2Fwp%2Fv2%2Fcomments&post=16196"}],"version-history":[{"count":1,"href":"https:\/\/zonaroja.com.mx\/index.php?rest_route=\/wp\/v2\/posts\/16196\/revisions"}],"predecessor-version":[{"id":16198,"href":"https:\/\/zonaroja.com.mx\/index.php?rest_route=\/wp\/v2\/posts\/16196\/revisions\/16198"}],"wp:featuredmedia":[{"embeddable":true,"href":"https:\/\/zonaroja.com.mx\/index.php?rest_route=\/wp\/v2\/media\/16197"}],"wp:attachment":[{"href":"https:\/\/zonaroja.com.mx\/index.php?rest_route=%2Fwp%2Fv2%2Fmedia&parent=16196"}],"wp:term":[{"taxonomy":"category","embeddable":true,"href":"https:\/\/zonaroja.com.mx\/index.php?rest_route=%2Fwp%2Fv2%2Fcategories&post=16196"},{"taxonomy":"post_tag","embeddable":true,"href":"https:\/\/zonaroja.com.mx\/index.php?rest_route=%2Fwp%2Fv2%2Ftags&post=16196"}],"curies":[{"name":"wp","href":"https:\/\/api.w.org\/{rel}","templated":true}]}}