{"id":16199,"date":"2020-08-12T21:47:50","date_gmt":"2020-08-13T02:47:50","guid":{"rendered":"http:\/\/www.zonaroja.com.mx\/?p=16199"},"modified":"2020-08-12T21:47:54","modified_gmt":"2020-08-13T02:47:54","slug":"cesa-conflicto-en-registro-civil-pero-siguen-las-protestas","status":"publish","type":"post","link":"https:\/\/zonaroja.com.mx\/?p=16199","title":{"rendered":"Cesa conflicto en Registro Civil, pero siguen las protestas"},"content":{"rendered":"\n<p>Yuridiana Sosa\/Zona Roja.<\/p>\n\n\n\n<p>Oaxaca de Ju\u00e1rez, Oax., 12 de agosto de\n2020.- A pesar de los acuerdos que el Gobierno del Estado estableci\u00f3 con los\nsindicalizados de la Direcci\u00f3n del Registros Civil para evitar la reubicaci\u00f3n\nde oficinas, este mi\u00e9rcoles las protestas incrementaron contra la permanencia\ndel director de la dependencia, Christian Hern\u00e1ndez Fuentes.<\/p>\n\n\n\n<p>La manifestaci\u00f3n por parte de los\ntrabajadores del estado ha escalado en el transcurso de una semana en apoyo a\nlos compa\u00f1eros de base del Registro Civil, que el pasado jueves iniciaron con\nla \u201ctoma\u201d de la sede gubernamental ubicada en la calle de Garc\u00eda Vigil, en el\nCentro Hist\u00f3rico.<\/p>\n\n\n\n<p>A la jornada de lucha se unieron este\nmi\u00e9rcoles los trabajadores de la Junta Local de Conciliaci\u00f3n y Arbitraje del\nEstado ubicada sobre el bulevar Jos\u00e9 Vasconcelos, donde instalaron sobre la\nfachada cartulinas con las demandas de sus compa\u00f1eros.<\/p>\n\n\n\n<p>Pues, aunque la promesa del Gobierno\ndel Estado es mantener a la base laboral en el edificio que han ocupado por m\u00e1s\nde 30 a\u00f1os, la destituci\u00f3n de Christian Hern\u00e1ndez est\u00e1 condicionada al\ncumplimiento del compromiso, dio a conocer la representaci\u00f3n sindical.<\/p>\n\n\n\n<p>Este lunes, los bur\u00f3cratas\nintensificaron su exigencia a trav\u00e9s de una manifestaci\u00f3n simult\u00e1nea en\ndistintas dependencias del gobierno del estado, en la que la demanda principal\nfue \u201cno al desalojo\u201d de las oficinas.<\/p>\n","protected":false},"excerpt":{"rendered":"<p>Yuridiana Sosa\/Zona Roja. Oaxaca de Ju\u00e1rez, Oax., 12 de agosto de 2020.- A pesar de&hellip;<\/p>\n","protected":false},"author":2,"featured_media":16200,"comment_status":"closed","ping_status":"open","sticky":false,"template":"","format":"standard","meta":{"_lmt_disableupdate":"","_lmt_disable":"","_jetpack_memberships_contains_paid_content":false,"footnotes":""},"categories":[109,47],"tags":[1380,1379],"class_list":["post-16199","post","type-post","status-publish","format-standard","has-post-thumbnail","hentry","category-minuto-a-minuto","category-zona-gris","tag-christian-hernandez-fuentes","tag-direccion-del-registro-civil-de-oaxaca"],"jetpack_featured_media_url":"https:\/\/zonaroja.com.mx\/wp-content\/uploads\/2020\/08\/Protesta-Registro-Civil-en-Junta-Local.jpg","jetpack_sharing_enabled":true,"_links":{"self":[{"href":"https:\/\/zonaroja.com.mx\/index.php?rest_route=\/wp\/v2\/posts\/16199","targetHints":{"allow":["GET"]}}],"collection":[{"href":"https:\/\/zonaroja.com.mx\/index.php?rest_route=\/wp\/v2\/posts"}],"about":[{"href":"https:\/\/zonaroja.com.mx\/index.php?rest_route=\/wp\/v2\/types\/post"}],"author":[{"embeddable":true,"href":"https:\/\/zonaroja.com.mx\/index.php?rest_route=\/wp\/v2\/users\/2"}],"replies":[{"embeddable":true,"href":"https:\/\/zonaroja.com.mx\/index.php?rest_route=%2Fwp%2Fv2%2Fcomments&post=16199"}],"version-history":[{"count":1,"href":"https:\/\/zonaroja.com.mx\/index.php?rest_route=\/wp\/v2\/posts\/16199\/revisions"}],"predecessor-version":[{"id":16201,"href":"https:\/\/zonaroja.com.mx\/index.php?rest_route=\/wp\/v2\/posts\/16199\/revisions\/16201"}],"wp:featuredmedia":[{"embeddable":true,"href":"https:\/\/zonaroja.com.mx\/index.php?rest_route=\/wp\/v2\/media\/16200"}],"wp:attachment":[{"href":"https:\/\/zonaroja.com.mx\/index.php?rest_route=%2Fwp%2Fv2%2Fmedia&parent=16199"}],"wp:term":[{"taxonomy":"category","embeddable":true,"href":"https:\/\/zonaroja.com.mx\/index.php?rest_route=%2Fwp%2Fv2%2Fcategories&post=16199"},{"taxonomy":"post_tag","embeddable":true,"href":"https:\/\/zonaroja.com.mx\/index.php?rest_route=%2Fwp%2Fv2%2Ftags&post=16199"}],"curies":[{"name":"wp","href":"https:\/\/api.w.org\/{rel}","templated":true}]}}