{"id":16202,"date":"2020-08-12T21:54:27","date_gmt":"2020-08-13T02:54:27","guid":{"rendered":"http:\/\/www.zonaroja.com.mx\/?p=16202"},"modified":"2020-08-12T21:54:32","modified_gmt":"2020-08-13T02:54:32","slug":"a-punto-de-llegar-a-los-12-mil-los-contagios-de-covid-en-oaxaca","status":"publish","type":"post","link":"https:\/\/zonaroja.com.mx\/?p=16202","title":{"rendered":"A punto de llegar a los 12 mil, los contagios de Covid en Oaxaca"},"content":{"rendered":"\n<p>Redacci\u00f3n\/Zona Roja.<\/p>\n\n\n\n<p>Oaxaca de Ju\u00e1rez, Oax., 12 de agosto de\n2020.- Al corte epidemiol\u00f3gico de este mi\u00e9rcoles 12 de agosto, se han\nregistrado 97 contagios nuevos, distribuidos en 36 municipios de la entidad,\nsumando 11 mil 975 acumulados, inform\u00f3 la dependencia Servicios de Salud de\nOaxaca.<\/p>\n\n\n\n<p>Se\u00f1al\u00f3 que se han notificado 17 mil 825\ncasos, de los cuales cinco mil 059 son negativos, hay 791 casos sospechosos en\nespera de resultados por laboratorio, 10 mil 279 se han recuperado y se\nregistraron 29 defunciones, que suman mil 113 decesos; hay 583 casos activos.<\/p>\n\n\n\n<p>Mencion\u00f3 que la Jurisdicci\u00f3n Sanitaria\nn\u00famero uno de Valles Centrales registra siete mil 844 casos confirmados y 536\ndefunciones, Tuxtepec mil 549 y 224 defunciones, Istmo mil 226 y 206\ndefunciones, Mixteca 664 y 65 muertes, Costa 488 y 49 fallecimientos y la\nSierra (Norte) 204 y 33 decesos.<\/p>\n\n\n\n<p>Dijo que los 97 casos nuevos se registraron en 36 municipios, de los cuales los que mayor n\u00famero presentaron son el de Oaxaca de Ju\u00e1rez con 29, San Juan Bautista Tuxtepec, Santa Cruz Xoxocotl\u00e1n, Santa Luc\u00eda del Camino, Miahuatl\u00e1n de Porfirio D\u00edaz y Mat\u00edas Romero de Avenda\u00f1o, cinco cada uno; Loma Bonita cuatro, el resto tres, dos y uno.<\/p>\n\n\n\n<figure class=\"wp-block-embed-twitter wp-block-embed is-type-rich is-provider-twitter\"><div class=\"wp-block-embed__wrapper\">\n<div class=\"twitter-tweet\"><blockquote class=\"twitter-tweet\" data-lang=\"es\"><p lang=\"es\" dir=\"ltr\">Al corte de hoy, mi\u00e9rcoles 12 de agosto, 36 municipios de <a href=\"https:\/\/twitter.com\/hashtag\/Oaxaca?src=hash&amp;ref_src=twsrc%5Etfw\">#Oaxaca<\/a> registraron casos positivos nuevos de <a href=\"https:\/\/twitter.com\/hashtag\/COVID19?src=hash&amp;ref_src=twsrc%5Etfw\">#COVID19<\/a>.<br>Mantengamos las medidas de prevenci\u00f3n como el uso de <a href=\"https:\/\/twitter.com\/hashtag\/Cubrebocas?src=hash&amp;ref_src=twsrc%5Etfw\">#Cubrebocas<\/a>, el <a href=\"https:\/\/twitter.com\/hashtag\/LavadoDeManos?src=hash&amp;ref_src=twsrc%5Etfw\">#LavadoDeManos<\/a> frecuente y una <a href=\"https:\/\/twitter.com\/hashtag\/SanaDistancia?src=hash&amp;ref_src=twsrc%5Etfw\">#SanaDistancia<\/a>. <a href=\"https:\/\/t.co\/bhFeYcBh2D\">pic.twitter.com\/bhFeYcBh2D<\/a><\/p>&mdash; Servicios de Salud (@SSO_GobOax) <a href=\"https:\/\/twitter.com\/SSO_GobOax\/status\/1293729238416121856?ref_src=twsrc%5Etfw\">13 de agosto de 2020<\/a><\/blockquote><\/div>\n<\/div><\/figure>\n\n\n\n<p>Del personal del sector salud que ha\ndado positivo al nuevo coronavirus, se contabilizan 645 m\u00e9dicos, 837\ntrabajadores y trabajadoras de enfermer\u00eda y 581 empleados y empleadas de otras\n\u00e1reas del sector.<\/p>\n\n\n\n<p>En relaci\u00f3n a los 583 casos activos, la\nJurisdicci\u00f3n Sanitaria uno Valles Centrales contabiliza 424 casos, Tuxtepec 42,\nIstmo 39, Costa 33, Mixteca 23 y la Sierra (Norte) 22.<\/p>\n\n\n\n<p>Por ocupaci\u00f3n hospitalaria, el Hospital\nRegional de Alta Especialidad de Oaxaca (HRAEO) registra un 89.3%, el Hospital\nde la Ni\u00f1ez Oaxaque\u00f1a 50%, ISSSTE 45.9%, IMSS r\u00e9gimen ordinario 49.1%,&nbsp; teniendo un 42.6% global de camas ocupadas.<\/p>\n\n\n\n<p>Finalmente, dijo que si alguien\npresenta s\u00edntomas como fiebre, tos seca, dolor de garganta, cansancio, dolor de\ncabeza, p\u00e9rdida de olfato o gusto, debe llamar a los tel\u00e9fonos: 800 770 8437,\n951 516 8242, 951 516 1220 y 951 297 5741, asimismo, record\u00f3 a la poblaci\u00f3n que\n\u201cseguimos con la pandemia de COVID-19, debemos cuidarnos, seguir con el lavado\nde manos, sana distancia, uso de cubrebocas y si se tiene alg\u00fan s\u00edntoma\nrespiratorio, permanecer en casa\u201d.<\/p>\n","protected":false},"excerpt":{"rendered":"<p>Redacci\u00f3n\/Zona Roja. Oaxaca de Ju\u00e1rez, Oax., 12 de agosto de 2020.- Al corte epidemiol\u00f3gico de&hellip;<\/p>\n","protected":false},"author":2,"featured_media":16203,"comment_status":"closed","ping_status":"open","sticky":false,"template":"","format":"standard","meta":{"_lmt_disableupdate":"","_lmt_disable":"","_jetpack_memberships_contains_paid_content":false,"footnotes":""},"categories":[109,47],"tags":[1512],"class_list":["post-16202","post","type-post","status-publish","format-standard","has-post-thumbnail","hentry","category-minuto-a-minuto","category-zona-gris","tag-coronavirus-oaxaca"],"jetpack_featured_media_url":"https:\/\/zonaroja.com.mx\/wp-content\/uploads\/2020\/08\/SSO-1-5.jpeg","jetpack_sharing_enabled":true,"_links":{"self":[{"href":"https:\/\/zonaroja.com.mx\/index.php?rest_route=\/wp\/v2\/posts\/16202","targetHints":{"allow":["GET"]}}],"collection":[{"href":"https:\/\/zonaroja.com.mx\/index.php?rest_route=\/wp\/v2\/posts"}],"about":[{"href":"https:\/\/zonaroja.com.mx\/index.php?rest_route=\/wp\/v2\/types\/post"}],"author":[{"embeddable":true,"href":"https:\/\/zonaroja.com.mx\/index.php?rest_route=\/wp\/v2\/users\/2"}],"replies":[{"embeddable":true,"href":"https:\/\/zonaroja.com.mx\/index.php?rest_route=%2Fwp%2Fv2%2Fcomments&post=16202"}],"version-history":[{"count":1,"href":"https:\/\/zonaroja.com.mx\/index.php?rest_route=\/wp\/v2\/posts\/16202\/revisions"}],"predecessor-version":[{"id":16204,"href":"https:\/\/zonaroja.com.mx\/index.php?rest_route=\/wp\/v2\/posts\/16202\/revisions\/16204"}],"wp:featuredmedia":[{"embeddable":true,"href":"https:\/\/zonaroja.com.mx\/index.php?rest_route=\/wp\/v2\/media\/16203"}],"wp:attachment":[{"href":"https:\/\/zonaroja.com.mx\/index.php?rest_route=%2Fwp%2Fv2%2Fmedia&parent=16202"}],"wp:term":[{"taxonomy":"category","embeddable":true,"href":"https:\/\/zonaroja.com.mx\/index.php?rest_route=%2Fwp%2Fv2%2Fcategories&post=16202"},{"taxonomy":"post_tag","embeddable":true,"href":"https:\/\/zonaroja.com.mx\/index.php?rest_route=%2Fwp%2Fv2%2Ftags&post=16202"}],"curies":[{"name":"wp","href":"https:\/\/api.w.org\/{rel}","templated":true}]}}