{"id":16208,"date":"2020-08-13T08:17:27","date_gmt":"2020-08-13T13:17:27","guid":{"rendered":"http:\/\/www.zonaroja.com.mx\/?p=16208"},"modified":"2020-08-13T08:58:48","modified_gmt":"2020-08-13T13:58:48","slug":"dirigente-nacional-de-confederacion-libertad-tendria-nexos-delictivos-en-oaxaca","status":"publish","type":"post","link":"https:\/\/zonaroja.com.mx\/?p=16208","title":{"rendered":"Dirigente nacional de Confederaci\u00f3n Libertad, tendr\u00eda nexos delictivos en Oaxaca"},"content":{"rendered":"\n<p>Redacci\u00f3n\/Zona Roja.<\/p>\n\n\n\n<p>Oaxaca de Ju\u00e1rez, Oax., 13 de agosto de\n2020.- Hugo Bello Valenzo, dirigente de la Confederaci\u00f3n \u201cLibertad\u201d de\nTrabajadores de M\u00e9xico (CLTM) y quien organizaba la oposici\u00f3n en contra del\naeropuerto de Santa Luc\u00eda, fue detenido ayer en el Estado de M\u00e9xico, acusado de\nsecuestro expr\u00e9s.<\/p>\n\n\n\n<p>Previo a ello,\nla Unidad de Inteligencia Financiera (UIF) inform\u00f3 que orden\u00f3 congelar las\ncuentas bancarias del l\u00edder de transportistas, se\u00f1alado de organizar los\nbloqueos contra la construcci\u00f3n de la terminal a\u00e9rea y quien presuntamente\nutilizaba a prestanombres y empresas para dispersar recursos que obten\u00eda de\nactividades criminales como secuestros, extorsiones, despojos y homicidio, en\nel sistema financiero.<\/p>\n\n\n\n<p>Se le atribuyen operaciones con dinero\nde procedencia il\u00edcita, por lo que sus cuentas fueron bloqueadas por dicha Unidad\nde la Secretar\u00eda de Hacienda y Cr\u00e9dito P\u00fablico (SHCP).<\/p>\n\n\n\n<p>La UIF inform\u00f3\nque solicit\u00f3 el bloqueo activos de seis personas f\u00edsicas y cuatro empresas\nligadas a Bello, quien tiene \u00f3rdenes de aprehensi\u00f3n en su contra desde 2018.<\/p>\n\n\n\n<p>En tanto, la Fiscal\u00eda General de\nJusticia del Estado de M\u00e9xico confirm\u00f3 que fue cumplimentada una orden de\naprehensi\u00f3n en contra del l\u00edder sindical, quien se encuentra actualmente en el\nPenal de Barrientos del municipio de Tlalnepantla.<\/p>\n\n\n\n<p>A Hugo Bello se le acusa de estar\nrelacionado con extorsiones, robo, asesinatos, despojo, invasi\u00f3n de predios,\namenazas, golpizas y cobro de derecho de piso, principalmente en las alcald\u00edas\nTl\u00e1huac, Iztapalapa y Coyoac\u00e1n, adem\u00e1s de uso de la violencia para conseguir\ncontratos colectivos de trabajo y atacar a empresarios, repartidores de agua\npotable y transportistas.<\/p>\n\n\n\n<p>De acuerdo con\nla agencia \u201cProceso\u201d, Bello Valenzo lleg\u00f3 a la Ciudad de M\u00e9xico proveniente de\nMochitl\u00e1n, Guerrero. Entr\u00f3 al mundo sindical a los 17 a\u00f1os, despu\u00e9s de trabajar\ncomo voceador de peri\u00f3dicos, carpintero y alba\u00f1il.<\/p>\n\n\n\n<p>\u201cEl 11 de septiembre de 2018, los\nportales Ciudadan\u00edaExpress y el oaxaque\u00f1o Periodismo de Paz dieron a conocer\nque la entonces Procuradur\u00eda General de la Rep\u00fablica (PGR) hab\u00eda liberado una\norden de aprehensi\u00f3n contra Hugo Bello Valenzo por tener bajo su control a un\ngrupo de sicarios.<\/p>\n\n\n\n<p>\u201cSupuestamente esos sujetos ten\u00edan la\norden de atacar a miembros de su propio sindicato para chantajear al gobierno y\na la Fiscal\u00eda General de Oaxaca, y as\u00ed evitar la captura de su l\u00edder estatal,\nJuan Luis Villaseca, acusado de extorsi\u00f3n, portaci\u00f3n de arma y lesiones, por lo\nque se gir\u00f3 una orden de aprehensi\u00f3n en su contra\u201d, rese\u00f1a \u201cProceso\u201d.<\/p>\n\n\n\n<p>Adem\u00e1s de Oaxaca, Bello Valenzo oper\u00f3\nen Puebla, donde desarroll\u00f3 proyectos de la industria militar, y trabajos\ncarreteros en Esperanza, El Seco y la central fotovoltaica de Iberdrola.<\/p>\n\n\n\n<p>Se le atribuye la comisi\u00f3n de un\nhomicidio, aunque no se menciona cu\u00e1l, pero podr\u00eda tratarse del asesinato del\nexalcalde de Valle de Chalco Solidaridad, Francisco Tenorio Contreras, quien\nmuri\u00f3 el 2 de noviembre de 2019, tras cinco d\u00edas de permanecer hospitalizado\npor disparos en la cabeza realizados en su contra el 29 de octubre de ese a\u00f1o.<\/p>\n\n\n\n<p>La Confederaci\u00f3n \u201cLibertad\u201d tiene presencia en al menos 20 entidades del pa\u00eds, con mayor fuerza en el sur-sureste de M\u00e9xico.<\/p>\n\n\n\n<p>El 8 de diciembre de 2018 y con la presencia del secretario de Organizaci\u00f3n de la CLTM, Jes\u00fas Canseco Rodr\u00edguez, fue constituida en Oaxaca la agrupaci\u00f3n, que actualmente encabeza Guadalupe D\u00edaz Pantoja, se\u00f1alada en diversos medios de comunicaci\u00f3n de probables v\u00ednculos con la delincuencia. Su representante inicial fue Domingo Garc\u00eda Mijangos.<\/p>\n","protected":false},"excerpt":{"rendered":"<p>Redacci\u00f3n\/Zona Roja. Oaxaca de Ju\u00e1rez, Oax., 13 de agosto de 2020.- Hugo Bello Valenzo, dirigente&hellip;<\/p>\n","protected":false},"author":2,"featured_media":16209,"comment_status":"closed","ping_status":"open","sticky":false,"template":"","format":"standard","meta":{"_lmt_disableupdate":"","_lmt_disable":"","_jetpack_memberships_contains_paid_content":false,"footnotes":""},"categories":[109,47],"tags":[1920],"class_list":["post-16208","post","type-post","status-publish","format-standard","has-post-thumbnail","hentry","category-minuto-a-minuto","category-zona-gris","tag-hugo-bello-valenzo"],"jetpack_featured_media_url":"https:\/\/zonaroja.com.mx\/wp-content\/uploads\/2020\/08\/Confederaci\u00f3n-Libertad.jpg","jetpack_sharing_enabled":true,"_links":{"self":[{"href":"https:\/\/zonaroja.com.mx\/index.php?rest_route=\/wp\/v2\/posts\/16208","targetHints":{"allow":["GET"]}}],"collection":[{"href":"https:\/\/zonaroja.com.mx\/index.php?rest_route=\/wp\/v2\/posts"}],"about":[{"href":"https:\/\/zonaroja.com.mx\/index.php?rest_route=\/wp\/v2\/types\/post"}],"author":[{"embeddable":true,"href":"https:\/\/zonaroja.com.mx\/index.php?rest_route=\/wp\/v2\/users\/2"}],"replies":[{"embeddable":true,"href":"https:\/\/zonaroja.com.mx\/index.php?rest_route=%2Fwp%2Fv2%2Fcomments&post=16208"}],"version-history":[{"count":2,"href":"https:\/\/zonaroja.com.mx\/index.php?rest_route=\/wp\/v2\/posts\/16208\/revisions"}],"predecessor-version":[{"id":16211,"href":"https:\/\/zonaroja.com.mx\/index.php?rest_route=\/wp\/v2\/posts\/16208\/revisions\/16211"}],"wp:featuredmedia":[{"embeddable":true,"href":"https:\/\/zonaroja.com.mx\/index.php?rest_route=\/wp\/v2\/media\/16209"}],"wp:attachment":[{"href":"https:\/\/zonaroja.com.mx\/index.php?rest_route=%2Fwp%2Fv2%2Fmedia&parent=16208"}],"wp:term":[{"taxonomy":"category","embeddable":true,"href":"https:\/\/zonaroja.com.mx\/index.php?rest_route=%2Fwp%2Fv2%2Fcategories&post=16208"},{"taxonomy":"post_tag","embeddable":true,"href":"https:\/\/zonaroja.com.mx\/index.php?rest_route=%2Fwp%2Fv2%2Ftags&post=16208"}],"curies":[{"name":"wp","href":"https:\/\/api.w.org\/{rel}","templated":true}]}}