{"id":16213,"date":"2020-08-13T10:11:10","date_gmt":"2020-08-13T15:11:10","guid":{"rendered":"https:\/\/www.zonaroja.com.mx\/?p=16213"},"modified":"2020-08-13T10:11:13","modified_gmt":"2020-08-13T15:11:13","slug":"pierde-cea-30-mdp-por-no-ejercerlos-en-tiempo-y-forma-denuncia-legislador","status":"publish","type":"post","link":"https:\/\/zonaroja.com.mx\/?p=16213","title":{"rendered":"Pierde CEA 30 mdp por no ejercerlos en tiempo y forma, denuncia legislador"},"content":{"rendered":"\n<p class=\"MsoNormal\">Evlin Arag\u00f3n\/Zona Roja. <\/p>\n\n\n\n<p class=\"MsoNormal\">&nbsp;Oaxaca de Ju\u00e1rez, Oax., 13 de agosto de 2020.-&nbsp;\u201cEstamos apenas en agosto y la Comisi\u00f3n Estatal del Agua (CEA) ya perdi\u00f3 m\u00e1s de 30 millones de pesos del presupuesto etiquetado a la dependencia por parte de la Comisi\u00f3n Nacional del Agua, por una simple raz\u00f3n no tuvo la contraparte para los proyectos que present\u00f3 para realizar en 2020\u201d, asegur\u00f3 en tribuna del Congreso local el diputado por el Partido del Trabajo, Cesar Morales Ni\u00f1o.&nbsp;&nbsp;<\/p>\n\n\n\n<p class=\"MsoNormal\">En el marco de la sesi\u00f3n ordinaria que se llev\u00f3 a cabo&nbsp;<a href=\"\/\/0\">este mi\u00e9rcoles<\/a>, el legislador denunci\u00f3 que la dependencia a cargo de H\u00e9ctor Pablo Ram\u00edrez Puga ha ca\u00eddo en actos de corrupci\u00f3n por omisi\u00f3n y falta de responsabilidad en el ejercicio p\u00fablico, situaci\u00f3n inadmisible en una entidad con tantas necesidades como lo es Oaxaca.&nbsp;&nbsp;<\/p>\n\n\n\n<p class=\"MsoNormal\">Explic\u00f3 que la falta de oficio ha llevado al Gobierno del Estado a regresar a la Federaci\u00f3n montos millonarios por falta de capacidad para su aplicaci\u00f3n, como muestra la CEA perdi\u00f3 m\u00e1s 30 millones de pesos del presupuesto que le asign\u00f3 la Comisi\u00f3n Nacional del Agua (Conagua).<\/p>\n\n\n\n<p class=\"MsoNormal\">El \u201cdescuido\u201d de la dependencia estatal podr\u00eda deberse a la confianza que le gener\u00f3 la asignaci\u00f3n de 281 mill\u00f3n de pesos como parte del financiamiento aprobado por el Congreso del Estado, con lo cual habr\u00eda pasado por alto la disposici\u00f3n del recurso federal, de acuerdo con el legislador que expuso el tema en asuntos generales.&nbsp;<\/p>\n\n\n\n<p class=\"MsoNormal\">Y aunque la Federaci\u00f3n evit\u00f3 que se regresar\u00e1n los 30 millones y los asign\u00f3 al recurso etiquetado a 16 municipios oaxaque\u00f1os marginados, solicit\u00f3 al gobierno de Oaxaca revisar la actuaci\u00f3n de sus servidores p\u00fablicos, ya que un estado tan pobre y con tantas carencias no puede arriesgar los presupuesto por omisi\u00f3n.&nbsp;&nbsp;<\/p>\n\n\n\n<p class=\"MsoNormal\">Dicha revisi\u00f3n debe llegar a las \u00e1reas de obra p\u00fablica, encabezada por la Secretar\u00eda de la Infraestructuras (Sinfra), que han sido se\u00f1aladas recientemente de contratar empresas \u201cfantasma\u201d o con irregularidades ante el SAT, por encima de las constructoras locales que se encuentran en riego de quebrar ante la crisis econ\u00f3mica que se vive en la entidad.&nbsp;&nbsp;<\/p>\n\n\n\n<p class=\"MsoNormal\">\u201cPropongo que se exhorte a las entidades encargadas de la obra p\u00fablica dl gobierno estatal para que act\u00faen con \u00e9tica y decoro, y se abstengan de licitar y otorgar proyectos de inversi\u00f3n productiva e infraestructura social a empresas que se encuentran con irregularidades ante el SAT\u201d, sentenci\u00f3.&nbsp;&nbsp;<\/p>\n\n\n\n<p class=\"MsoNormal\">As\u00ed mismo, lament\u00f3 que dicha pr\u00e1ctica ya sea una constante en la administraci\u00f3n p\u00fablica actual, prueba de ello la protesta que se registr\u00f3&nbsp;<a href=\"\/\/1\">este mi\u00e9rcoles<\/a>&nbsp;a las afueras de Casa Oficial, donde constructores locales denunciaron la entrega de obra p\u00fablica a empresas \u201cfantasmas\u201d por el orden de 200 millones de pesos.&nbsp;&nbsp;<\/p>\n\n\n\n<p class=\"MsoNormal\">Con lo anterior dijo, se deja en el desamparo a empresas locales consolidadas que atraviesan por momento complicados debido a la pausa obligada que tuvo la actividad constructora debido a la pandemia.&nbsp;&nbsp;<\/p>\n\n\n\n<p class=\"MsoNormal\">Finalmente, Morales Ni\u00f1o denunci\u00f3 que a las irregularidades en la asignaci\u00f3n de obras se une el Colegio de Bachilleres de Oaxaca, que han recurrido a las malas practicas que ya se han hecho p\u00fablicas en Secretar\u00eda de las Infraestructuras, Caminos y Aeropista de Oaxaca y la Comisi\u00f3n Estatal de Vivienda.  <\/p>\n","protected":false},"excerpt":{"rendered":"<p>Evlin Arag\u00f3n\/Zona Roja. &nbsp;Oaxaca de Ju\u00e1rez, Oax., 13 de agosto de 2020.-&nbsp;\u201cEstamos apenas en agosto&hellip;<\/p>\n","protected":false},"author":2,"featured_media":16212,"comment_status":"closed","ping_status":"open","sticky":false,"template":"","format":"standard","meta":{"_lmt_disableupdate":"","_lmt_disable":"","_jetpack_memberships_contains_paid_content":false,"footnotes":""},"categories":[109,47],"tags":[612],"class_list":["post-16213","post","type-post","status-publish","format-standard","has-post-thumbnail","hentry","category-minuto-a-minuto","category-zona-gris","tag-cesar-morales-nino"],"jetpack_featured_media_url":"https:\/\/zonaroja.com.mx\/wp-content\/uploads\/2020\/08\/8ba8f1a6-2cdd-49e5-940e-028532c93018.jpg","jetpack_sharing_enabled":true,"_links":{"self":[{"href":"https:\/\/zonaroja.com.mx\/index.php?rest_route=\/wp\/v2\/posts\/16213","targetHints":{"allow":["GET"]}}],"collection":[{"href":"https:\/\/zonaroja.com.mx\/index.php?rest_route=\/wp\/v2\/posts"}],"about":[{"href":"https:\/\/zonaroja.com.mx\/index.php?rest_route=\/wp\/v2\/types\/post"}],"author":[{"embeddable":true,"href":"https:\/\/zonaroja.com.mx\/index.php?rest_route=\/wp\/v2\/users\/2"}],"replies":[{"embeddable":true,"href":"https:\/\/zonaroja.com.mx\/index.php?rest_route=%2Fwp%2Fv2%2Fcomments&post=16213"}],"version-history":[{"count":1,"href":"https:\/\/zonaroja.com.mx\/index.php?rest_route=\/wp\/v2\/posts\/16213\/revisions"}],"predecessor-version":[{"id":16214,"href":"https:\/\/zonaroja.com.mx\/index.php?rest_route=\/wp\/v2\/posts\/16213\/revisions\/16214"}],"wp:featuredmedia":[{"embeddable":true,"href":"https:\/\/zonaroja.com.mx\/index.php?rest_route=\/wp\/v2\/media\/16212"}],"wp:attachment":[{"href":"https:\/\/zonaroja.com.mx\/index.php?rest_route=%2Fwp%2Fv2%2Fmedia&parent=16213"}],"wp:term":[{"taxonomy":"category","embeddable":true,"href":"https:\/\/zonaroja.com.mx\/index.php?rest_route=%2Fwp%2Fv2%2Fcategories&post=16213"},{"taxonomy":"post_tag","embeddable":true,"href":"https:\/\/zonaroja.com.mx\/index.php?rest_route=%2Fwp%2Fv2%2Ftags&post=16213"}],"curies":[{"name":"wp","href":"https:\/\/api.w.org\/{rel}","templated":true}]}}