{"id":16215,"date":"2020-08-13T10:52:38","date_gmt":"2020-08-13T15:52:38","guid":{"rendered":"http:\/\/www.zonaroja.com.mx\/?p=16215"},"modified":"2020-08-13T11:07:42","modified_gmt":"2020-08-13T16:07:42","slug":"oaxaca-uno-de-los-cinco-estados-donde-mayor-aceptacion-tiene-amlo","status":"publish","type":"post","link":"https:\/\/zonaroja.com.mx\/?p=16215","title":{"rendered":"Oaxaca, uno de los cinco estados donde mayor aceptaci\u00f3n tiene AMLO"},"content":{"rendered":"\n<p>Yuridiana Sosa\/Zona Roja. Foto: Archivo<\/p>\n\n\n\n<p>Oaxaca de Ju\u00e1rez, Oax., 13 de agosto de\n2020.- Oaxaca es uno de los cinco estados donde la poblaci\u00f3n aval\u00f3 con\nporcentaje \u201csobresaliente\u201d el desempe\u00f1o del mandatario nacional, Andr\u00e9s Manuel\nL\u00f3pez Obrador, durante el mes de julio, cuando a nivel nacional tambi\u00e9n\nregistr\u00f3 una mayor aceptaci\u00f3n.<\/p>\n\n\n\n<p>As\u00ed lo revel\u00f3 el estudio\n\u201cAMLOTrackingPoll\u201d realizado para \u201cEl Economista\u201d y publicado este mes por\nRanking Mitofsky, en el que precisa que L\u00f3pez Obrador registr\u00f3 su mejor nivel\nde popularidad en cinco meses.<\/p>\n\n\n\n<p>El estudio indic\u00f3 que el 63.1 por\nciento de los oaxaque\u00f1os encuestados est\u00e1 de acuerdo con el gobierno que\nencabeza el morenista, ocupando la cuarta posici\u00f3n de los estados donde m\u00e1s\napoyan al gobierno federal.<\/p>\n\n\n\n<p>Tabasco es la entidad con mayor aceptaci\u00f3n con el 73.3 por ciento de la poblaci\u00f3n a favor, seguido de Tlaxcala con el 66.4 por ciento; Chiapas con el 65.8 por ciento y Guerrero con un 63.1 por ciento; empata Oaxaca con Campeche, con un 61.5 por ciento.<\/p>\n\n\n\n<p>Mientras que Guanajuato es el estado\ncon la aprobaci\u00f3n m\u00e1s baja para el gobierno de L\u00f3pez Obrador, con un 28.9 por\nciento.<\/p>\n\n\n\n<p>A nivel nacional, el Presidente de la Rep\u00fablica\nobtuvo en julio un promedio de 50.3 por ciento, lo que representa un incremento\n2.8 puntos respecto al promedio de junio, cuando adem\u00e1s registr\u00f3 sus niveles\nm\u00e1s bajos de aprobaci\u00f3n, con el 47.5 por ciento a favor y 52 en contra.<\/p>\n\n\n\n<p>SEGMENTOS DE APROBACI\u00d3N<\/p>\n\n\n\n<p>La poblaci\u00f3n desempleada, empresarios,\njubilados, profesionistas, amas de casa y estudiantes fueron el grupo\npoblacional que desaprob\u00f3 en mayor medida al gobierno de Andr\u00e9s Manuel L\u00f3pez\nObrador durante el mes de julio.<\/p>\n\n\n\n<p>En orden de mayor desacuerdo se\nencuentran los desempleados con un 64.6 por ciento; empresarios, 60.6 por\nciento; jubilados, 55 por ciento; profesionistas, 52.2 por ciento; amas de\ncasa, 51.5 por ciento y estudiantes, 50.9 por ciento.<\/p>\n\n\n\n<p>Mientras que fueron los trabajadores\ninformales los que presentaron niveles altos de aceptaci\u00f3n, con un 63.1 por\nciento; seguido de profesores, 62.2 por ciento; campesinos, 61.5 por ciento;\ncomerciantes, 54.2 por ciento, empleados, 53.3 por ciento y servidores p\u00fablicos\nen 52.8 por ciento.<\/p>\n\n\n\n<p>A nivel general, el 56.4 por ciento de\nla poblaci\u00f3n indic\u00f3 que L\u00f3pez Obrador no cuenta con un buen gabinete; el 62.9\ndice que el presidente no mantiene buena relaci\u00f3n con los empresarios y el 69\npor ciento no cree que el presidente est\u00e1 logrando unir al pa\u00eds.<\/p>\n\n\n\n<p>&nbsp;En tanto, que de las personas que votaron por\nAMLO, el 88.8 por ciento mantiene su aceptaci\u00f3n al gobierno y el 10.9 por\nciento no; de los que no votaron por \u00e9l, el 76.5 por ciento refrenda su\ndesacuerdo y el 23.1 por ciento lo respalda.<\/p>\n","protected":false},"excerpt":{"rendered":"<p>Yuridiana Sosa\/Zona Roja. Foto: Archivo Oaxaca de Ju\u00e1rez, Oax., 13 de agosto de 2020.- Oaxaca&hellip;<\/p>\n","protected":false},"author":2,"featured_media":16216,"comment_status":"closed","ping_status":"open","sticky":false,"template":"","format":"standard","meta":{"_lmt_disableupdate":"","_lmt_disable":"","_jetpack_memberships_contains_paid_content":false,"footnotes":""},"categories":[109,46],"tags":[143],"class_list":["post-16215","post","type-post","status-publish","format-standard","has-post-thumbnail","hentry","category-minuto-a-minuto","category-zona-blanca","tag-andres-manuel-lopez-obrador"],"jetpack_featured_media_url":"https:\/\/zonaroja.com.mx\/wp-content\/uploads\/2020\/08\/AMLO-en-Oaxaca.jpg","jetpack_sharing_enabled":true,"_links":{"self":[{"href":"https:\/\/zonaroja.com.mx\/index.php?rest_route=\/wp\/v2\/posts\/16215","targetHints":{"allow":["GET"]}}],"collection":[{"href":"https:\/\/zonaroja.com.mx\/index.php?rest_route=\/wp\/v2\/posts"}],"about":[{"href":"https:\/\/zonaroja.com.mx\/index.php?rest_route=\/wp\/v2\/types\/post"}],"author":[{"embeddable":true,"href":"https:\/\/zonaroja.com.mx\/index.php?rest_route=\/wp\/v2\/users\/2"}],"replies":[{"embeddable":true,"href":"https:\/\/zonaroja.com.mx\/index.php?rest_route=%2Fwp%2Fv2%2Fcomments&post=16215"}],"version-history":[{"count":2,"href":"https:\/\/zonaroja.com.mx\/index.php?rest_route=\/wp\/v2\/posts\/16215\/revisions"}],"predecessor-version":[{"id":16223,"href":"https:\/\/zonaroja.com.mx\/index.php?rest_route=\/wp\/v2\/posts\/16215\/revisions\/16223"}],"wp:featuredmedia":[{"embeddable":true,"href":"https:\/\/zonaroja.com.mx\/index.php?rest_route=\/wp\/v2\/media\/16216"}],"wp:attachment":[{"href":"https:\/\/zonaroja.com.mx\/index.php?rest_route=%2Fwp%2Fv2%2Fmedia&parent=16215"}],"wp:term":[{"taxonomy":"category","embeddable":true,"href":"https:\/\/zonaroja.com.mx\/index.php?rest_route=%2Fwp%2Fv2%2Fcategories&post=16215"},{"taxonomy":"post_tag","embeddable":true,"href":"https:\/\/zonaroja.com.mx\/index.php?rest_route=%2Fwp%2Fv2%2Ftags&post=16215"}],"curies":[{"name":"wp","href":"https:\/\/api.w.org\/{rel}","templated":true}]}}