{"id":16218,"date":"2020-08-13T10:56:29","date_gmt":"2020-08-13T15:56:29","guid":{"rendered":"http:\/\/www.zonaroja.com.mx\/?p=16218"},"modified":"2020-08-13T10:56:32","modified_gmt":"2020-08-13T15:56:32","slug":"con-gobierno-de-amlo-no-hay-ni-habra-funcionarios-intocables-horacio-sosa","status":"publish","type":"post","link":"https:\/\/zonaroja.com.mx\/?p=16218","title":{"rendered":"Con gobierno de AMLO, no hay, ni habr\u00e1 funcionarios intocables: Horacio Sosa"},"content":{"rendered":"\n<p>Redacci\u00f3n\/Zona Roja. <\/p>\n\n\n\n<p>Oaxaca de Ju\u00e1rez, Oax. 13 de agosto de\n2020.- El Presidente de la Junta de Coordinaci\u00f3n Pol\u00edtica, (Jucopo) del\nCongreso local, Horacio Sosa Villavicencio, celebr\u00f3 esta nueva etapa de la\nimpartici\u00f3n de justicia en el pa\u00eds, que representa la Cuarta Transformaci\u00f3n en\nM\u00e9xico, en la que la corrupci\u00f3n se castiga sin privilegio alguno.<\/p>\n\n\n\n<p>Lo anterior, luego de que el titular de\nla Fiscal\u00eda General de la Rep\u00fablica(FGR) Alejandro Gertz Manero, informar\u00e1\nsobre la denuncia formal de Emilio \u201cL\u201d y su participaci\u00f3n en el caso Odebrech,\nen la que se\u00f1ala, entre otros: al ex presidente de M\u00e9xico, Enrique Pe\u00f1a Nieto,\ny el ex secretario de Hacienda, Luis Videgaray Caso, de haber ordenado de\nrepartir sobornos por m\u00e1s de 200 millones de pesos.<\/p>\n\n\n\n<p>El diputado por Morena hizo un llamado\nrespetuoso a Alejandro Gertz Manero, titular de la FGR, a continuar en la misma\nruta, para dar con los responsables del derroche del erario y la mala\nutilizaci\u00f3n de los recursos en campa\u00f1as pol\u00edticas.<\/p>\n\n\n\n<p>Sostuvo que, con la detenci\u00f3n,\ninvestigaci\u00f3n y castigo en casos de corrupci\u00f3n, como en el que se vincula al ex\npresidente de Pemex, Emilio \u201cL\u201d y a funcionarios de alto nivel del anterior\ngobierno: Enrique Pe\u00f1a Nieto y Luis Videgaray Caso, el gobierno del licenciado\nAndr\u00e9s Manuel L\u00f3pez Obrador, cumple con la premisa de que, \u201cnada ni nadie por\nencima de la ley\u201d.<\/p>\n\n\n\n<p>El legislador pidi\u00f3 a las instancias\nencargadas de impartir justicia en M\u00e9xico, no dejar cabos sueltos en este\ncontrovertido tema y de manera hist\u00f3rica se entreguen cuentas al pueblo de\nM\u00e9xico. Indic\u00f3 que, desde el Congreso de Oaxaca, dar\u00e1 seguimiento al proceso\nque enfrenta ante la ley, el ex director de Pemex, Emilio \u201cL\u201d. <\/p>\n\n\n\n<p>&nbsp;\u201cNo permitiremos que se repita la historia,\ncumpliremos con el compromiso que adquirimos con el pueblo de Oaxaca de ser\nvigilantes y participativos en evitar la corrupci\u00f3n en el pa\u00eds\u201d, apunt\u00f3 el\nlegislador.<\/p>\n\n\n\n<p>Sosa Villavicencio, dijo que la\ncorrupci\u00f3n es un problema sist\u00e9mico, y que el combate contra ella no puede\ndarse s\u00f3lo desde dentro de los gobiernos. Tambi\u00e9n de la sociedad civil\norganizada, de donde deben venir los contrapesos que dirijan, vigilen y\ngaranticen la depuraci\u00f3n de los sistemas pol\u00edticos, de seguridad y jur\u00eddicos\ndel pa\u00eds.<\/p>\n","protected":false},"excerpt":{"rendered":"<p>Redacci\u00f3n\/Zona Roja. Oaxaca de Ju\u00e1rez, Oax. 13 de agosto de 2020.- El Presidente de la&hellip;<\/p>\n","protected":false},"author":2,"featured_media":16219,"comment_status":"closed","ping_status":"open","sticky":false,"template":"","format":"standard","meta":{"_lmt_disableupdate":"","_lmt_disable":"","_jetpack_memberships_contains_paid_content":false,"footnotes":""},"categories":[109,46],"tags":[444],"class_list":["post-16218","post","type-post","status-publish","format-standard","has-post-thumbnail","hentry","category-minuto-a-minuto","category-zona-blanca","tag-horacio-sosa-villavicencio"],"jetpack_featured_media_url":"https:\/\/zonaroja.com.mx\/wp-content\/uploads\/2020\/08\/Congobierno-de-AMLO-no-hay-ni-habra\u0301-funcionarios-intocables.jpeg","jetpack_sharing_enabled":true,"_links":{"self":[{"href":"https:\/\/zonaroja.com.mx\/index.php?rest_route=\/wp\/v2\/posts\/16218","targetHints":{"allow":["GET"]}}],"collection":[{"href":"https:\/\/zonaroja.com.mx\/index.php?rest_route=\/wp\/v2\/posts"}],"about":[{"href":"https:\/\/zonaroja.com.mx\/index.php?rest_route=\/wp\/v2\/types\/post"}],"author":[{"embeddable":true,"href":"https:\/\/zonaroja.com.mx\/index.php?rest_route=\/wp\/v2\/users\/2"}],"replies":[{"embeddable":true,"href":"https:\/\/zonaroja.com.mx\/index.php?rest_route=%2Fwp%2Fv2%2Fcomments&post=16218"}],"version-history":[{"count":1,"href":"https:\/\/zonaroja.com.mx\/index.php?rest_route=\/wp\/v2\/posts\/16218\/revisions"}],"predecessor-version":[{"id":16220,"href":"https:\/\/zonaroja.com.mx\/index.php?rest_route=\/wp\/v2\/posts\/16218\/revisions\/16220"}],"wp:featuredmedia":[{"embeddable":true,"href":"https:\/\/zonaroja.com.mx\/index.php?rest_route=\/wp\/v2\/media\/16219"}],"wp:attachment":[{"href":"https:\/\/zonaroja.com.mx\/index.php?rest_route=%2Fwp%2Fv2%2Fmedia&parent=16218"}],"wp:term":[{"taxonomy":"category","embeddable":true,"href":"https:\/\/zonaroja.com.mx\/index.php?rest_route=%2Fwp%2Fv2%2Fcategories&post=16218"},{"taxonomy":"post_tag","embeddable":true,"href":"https:\/\/zonaroja.com.mx\/index.php?rest_route=%2Fwp%2Fv2%2Ftags&post=16218"}],"curies":[{"name":"wp","href":"https:\/\/api.w.org\/{rel}","templated":true}]}}