{"id":16221,"date":"2020-08-13T11:03:12","date_gmt":"2020-08-13T16:03:12","guid":{"rendered":"http:\/\/www.zonaroja.com.mx\/?p=16221"},"modified":"2020-08-13T11:03:15","modified_gmt":"2020-08-13T16:03:15","slug":"confirman-colaboracion-mexico-argentina-para-producir-vacuna","status":"publish","type":"post","link":"https:\/\/zonaroja.com.mx\/?p=16221","title":{"rendered":"Confirman colaboraci\u00f3n M\u00e9xico-Argentina para producir vacuna"},"content":{"rendered":"\n<p>Redacci\u00f3n\/Zona Roja Cdmx.<\/p>\n\n\n\n<p>Ciudad de M\u00e9xico, 13 de agosto de 2020.-\nLa ma\u00f1ana de este jueves en la conferencia del Presidente Andr\u00e9s Manuel L\u00f3pez\nObrador se present\u00f3 el proyecto de vacuna contra Covid-19 en el que participa\nM\u00e9xico junto a Argentina y en acuerdo con fundaciones, farmace\u00faticas y\nuniversidades, la cual se encuentra en la Fase 3.<\/p>\n\n\n\n<p>Seg\u00fan lo informado, M\u00e9xico producir\u00e1 la\nvacuna y la distribuir\u00e1 principalmente en Am\u00e9rica Latina mientras que en\nArgentina se crear\u00e1 la sustancia activa.<\/p>\n\n\n\n<p>El proyecto\nque podr\u00eda tener sus resultados finales en noviembre pr\u00f3ximo ser\u00e1 apoyada por\nla Fundaci\u00f3n Carlos Slim, la Universidad de Oxford as\u00ed como la empresa\nAstraZenaca, entre otras.<\/p>\n\n\n\n<p>En noviembre, al concluir la Fase 3,\nM\u00e9xico podr\u00eda comenzar a producir, envasar y comenzar su distribuci\u00f3n -en el\nprimer trimestre de 2021- de la vacuna contra el Covid-19, inform\u00f3 el gobierno\nfederal, la Fundaci\u00f3n Carlos Slim y el laboratorio AstraZeneca.<\/p>\n\n\n\n<p>\u201cHay un acuerdo significativo \u00bfpor qu\u00e9?\nporque es un acuerdo de producci\u00f3n en M\u00e9xico de la vacuna, de un proyecto de\nvacuna que hoy por hoy se considera m\u00e1s avanzado en el mundo de acuerdo a los\nestudios cl\u00ednicos de los que se dispone.<\/p>\n\n\n\n<p>\u201cEs una vacuna\nque est\u00e1 en Fase 3 y se estima que para el mes de noviembre presentar\u00e1n los\nresultados a las autoridades regulatorias, en el caso de M\u00e9xico Cofepris, para\nsu evaluaci\u00f3n y en su caso autorizaci\u00f3n\u201d, dijo el canciller Marcelo Ebrard.<\/p>\n\n\n\n<p>En la\n\u201cma\u00f1anera\u201d, el titular de la SRE celebr\u00f3 el acuerdo de producci\u00f3n alcanzado\npara que pueda ser una realidad la vacuna y que \u00e9sta pueda ser distribuida a\ntodas Am\u00e9rica Latina, a trav\u00e9s de una alianza entre el laboratorio AstraZeneca,\nla Fundaci\u00f3n Carlos Slim, la Universidad de Oxford, as\u00ed como los gobiernos de\nM\u00e9xico y Argentina.<\/p>\n","protected":false},"excerpt":{"rendered":"<p>Redacci\u00f3n\/Zona Roja Cdmx. Ciudad de M\u00e9xico, 13 de agosto de 2020.- La ma\u00f1ana de este&hellip;<\/p>\n","protected":false},"author":2,"featured_media":13052,"comment_status":"closed","ping_status":"open","sticky":false,"template":"","format":"standard","meta":{"_lmt_disableupdate":"","_lmt_disable":"","_jetpack_memberships_contains_paid_content":false,"footnotes":""},"categories":[109,46],"tags":[1531],"class_list":["post-16221","post","type-post","status-publish","format-standard","has-post-thumbnail","hentry","category-minuto-a-minuto","category-zona-blanca","tag-vacuna-coronavirus"],"jetpack_featured_media_url":"https:\/\/zonaroja.com.mx\/wp-content\/uploads\/2020\/05\/Coronavirus-M\u00e9xico-1.jpg","jetpack_sharing_enabled":true,"_links":{"self":[{"href":"https:\/\/zonaroja.com.mx\/index.php?rest_route=\/wp\/v2\/posts\/16221","targetHints":{"allow":["GET"]}}],"collection":[{"href":"https:\/\/zonaroja.com.mx\/index.php?rest_route=\/wp\/v2\/posts"}],"about":[{"href":"https:\/\/zonaroja.com.mx\/index.php?rest_route=\/wp\/v2\/types\/post"}],"author":[{"embeddable":true,"href":"https:\/\/zonaroja.com.mx\/index.php?rest_route=\/wp\/v2\/users\/2"}],"replies":[{"embeddable":true,"href":"https:\/\/zonaroja.com.mx\/index.php?rest_route=%2Fwp%2Fv2%2Fcomments&post=16221"}],"version-history":[{"count":1,"href":"https:\/\/zonaroja.com.mx\/index.php?rest_route=\/wp\/v2\/posts\/16221\/revisions"}],"predecessor-version":[{"id":16222,"href":"https:\/\/zonaroja.com.mx\/index.php?rest_route=\/wp\/v2\/posts\/16221\/revisions\/16222"}],"wp:featuredmedia":[{"embeddable":true,"href":"https:\/\/zonaroja.com.mx\/index.php?rest_route=\/wp\/v2\/media\/13052"}],"wp:attachment":[{"href":"https:\/\/zonaroja.com.mx\/index.php?rest_route=%2Fwp%2Fv2%2Fmedia&parent=16221"}],"wp:term":[{"taxonomy":"category","embeddable":true,"href":"https:\/\/zonaroja.com.mx\/index.php?rest_route=%2Fwp%2Fv2%2Fcategories&post=16221"},{"taxonomy":"post_tag","embeddable":true,"href":"https:\/\/zonaroja.com.mx\/index.php?rest_route=%2Fwp%2Fv2%2Ftags&post=16221"}],"curies":[{"name":"wp","href":"https:\/\/api.w.org\/{rel}","templated":true}]}}