{"id":16227,"date":"2020-08-13T17:03:21","date_gmt":"2020-08-13T22:03:21","guid":{"rendered":"http:\/\/www.zonaroja.com.mx\/?p=16227"},"modified":"2020-08-13T18:16:41","modified_gmt":"2020-08-13T23:16:41","slug":"asesinan-a-balazos-a-dos-individuos-en-la-costa-entre-ellos-un-taxista","status":"publish","type":"post","link":"https:\/\/zonaroja.com.mx\/?p=16227","title":{"rendered":"Asesinan a balazos a dos individuos en la Costa, uno en interior de taxi"},"content":{"rendered":"\n<p>Ismael Garc\u00eda M.\/Zona Roja.<\/p>\n\n\n\n<p>Oaxaca de Ju\u00e1rez, Oax., 13 de agosto de\n2020.- Dos personas fueron asesinadas en comunidades de la regi\u00f3n de la Costa\nde Oaxaca este jueves, mientras que en San Juan Bautista Tuxtepec, se\nregistraron diversos hechos delictivos.<\/p>\n\n\n\n<p>Poco despu\u00e9s del mediod\u00eda, cerca de un\nhospital de R\u00edo Grande, agencia municipal de Villa de Tututepec, fue ultimado a\nbalazos un individuo en un taxi del estado de Guerrero.<\/p>\n\n\n\n<p>En el interior de la unidad de motor,\ncon placas de circulaci\u00f3n A-626-FGY, n\u00famero econ\u00f3mico 86, del sitio \u201cTierra Colorada\u201d,\nde Guerrero, qued\u00f3 el individuo, a\u00fan no identificado.<\/p>\n\n\n\n<p>Sujetos armados llegaron a dispararle de manera directa, tras lo cual huyeron de inmediato del lugar; a\u00fan no hay personas detenidas.<\/p>\n\n\n\n<figure class=\"wp-block-embed-twitter wp-block-embed is-type-rich is-provider-twitter\"><div class=\"wp-block-embed__wrapper\">\n<div class=\"twitter-tweet\"><blockquote class=\"twitter-tweet\" data-lang=\"es\"><p lang=\"es\" dir=\"ltr\"><a href=\"https:\/\/twitter.com\/hashtag\/%C3%9AltimaHora?src=hash&amp;ref_src=twsrc%5Etfw\">#\u00daltimaHora<\/a> <br>En R\u00edo Grande, agencia del municipio de Villa de <a href=\"https:\/\/twitter.com\/hashtag\/Tututepec?src=hash&amp;ref_src=twsrc%5Etfw\">#Tututepec<\/a>, <a href=\"https:\/\/twitter.com\/hashtag\/Oaxacq?src=hash&amp;ref_src=twsrc%5Etfw\">#Oaxacq<\/a>, este jueves fue ejecutado un taxista en el interior de su unidad de motor; a\u00fan se desconoce el m\u00f3vil del crimen. <br>Video: Cortes\u00eda <a href=\"https:\/\/t.co\/MePyFYepMk\">pic.twitter.com\/MePyFYepMk<\/a><\/p>&mdash; Zona Roja Oaxaca (@MexRoja) <a href=\"https:\/\/twitter.com\/MexRoja\/status\/1294019466913865733?ref_src=twsrc%5Etfw\">13 de agosto de 2020<\/a><\/blockquote><\/div>\n<\/div><\/figure>\n\n\n\n<p>En tanto, esta tarde en el barrio El Chubasco de San Pedro Pochutla, otro individuo fue asesinado por disparos de arma de fuego; hasta el momento se desconoce la identidad  del o los atacantes y el m\u00f3vil de la agresi\u00f3n armada.<\/p>\n\n\n\n<p>De manera preliminar se inform\u00f3 que la v\u00edctima respond\u00eda al nombre de Plutarco Jarqu\u00edn R\u00edos, alias \u00abEl Taco\u00bb, presuntamente involucrado en delitos.<\/p>\n\n\n\n<p>En la capital oaxaque\u00f1a, alrededor de\nlas 13:00 horas, sujetos se robaron una motocicleta particular, en el exterior\nde la tienda Elektra ubicada en la calle Jazmines de la colonia Reforma.<\/p>\n\n\n\n<p>Elementos de la Polic\u00eda Municipal\narribaron al lugar pero s\u00f3lo para auxiliar a la v\u00edctima y trasladarla al\nMinisterio P\u00fablico para que presentara su denuncia.<\/p>\n\n\n\n<p>TAMBI\u00c9N TUXTEPEC<\/p>\n\n\n\n<p>La tarde de este jueves, en San Juan\nBautista Tuxtepec se registraron una serie de hechos violentos, con el saldo de\nuna persona lesionada, un detenido y dos asaltos a comercio.<\/p>\n\n\n\n<p>Sobre la calle de Matamoros, esquina\ncon la avenida Carranza, en la zona centro del municipio, ocurri\u00f3 un ataque\narmado contra un var\u00f3n que se ubicaba en un negocio comercial de venta de\nmariscos, quien fue trasladando a servicios m\u00e9dicos.<\/p>\n\n\n\n<p>Minutos despu\u00e9s, sobre la avenida\nCarranza, a dos cuadras del atentado, elementos de la Polic\u00eda Estatal\ndetuvieron a un individuo por su probable responsabilidad en el ataque. El\ndetenido portaba un arma de fuego y fue identificado como Juan Mart\u00edn P.M, de\n20 a\u00f1os de edad.<\/p>\n\n\n\n<p>Casi de forma simult\u00e1nea, se report\u00f3 el\nasalto armado de una tienda de abarrotes en la colonia 23 de Noviembre, ubicada\nen carretera 175 Tuxtepec-Valle Nacional, y otro m\u00e1s en un Modelorama ubicado\nsobre esa misma vialidad, a un costado de la compa\u00f1\u00eda cervecera.<\/p>\n","protected":false},"excerpt":{"rendered":"<p>Ismael Garc\u00eda M.\/Zona Roja. Oaxaca de Ju\u00e1rez, Oax., 13 de agosto de 2020.- Dos personas&hellip;<\/p>\n","protected":false},"author":2,"featured_media":16228,"comment_status":"closed","ping_status":"open","sticky":false,"template":"","format":"standard","meta":{"_lmt_disableupdate":"","_lmt_disable":"","_jetpack_memberships_contains_paid_content":false,"footnotes":""},"categories":[109,51],"tags":[1203],"class_list":["post-16227","post","type-post","status-publish","format-standard","has-post-thumbnail","hentry","category-minuto-a-minuto","category-zona-roja","tag-villa-de-tututepec"],"jetpack_featured_media_url":"https:\/\/zonaroja.com.mx\/wp-content\/uploads\/2020\/08\/Ejecutado-R\u00edo-Grande.jpg","jetpack_sharing_enabled":true,"_links":{"self":[{"href":"https:\/\/zonaroja.com.mx\/index.php?rest_route=\/wp\/v2\/posts\/16227","targetHints":{"allow":["GET"]}}],"collection":[{"href":"https:\/\/zonaroja.com.mx\/index.php?rest_route=\/wp\/v2\/posts"}],"about":[{"href":"https:\/\/zonaroja.com.mx\/index.php?rest_route=\/wp\/v2\/types\/post"}],"author":[{"embeddable":true,"href":"https:\/\/zonaroja.com.mx\/index.php?rest_route=\/wp\/v2\/users\/2"}],"replies":[{"embeddable":true,"href":"https:\/\/zonaroja.com.mx\/index.php?rest_route=%2Fwp%2Fv2%2Fcomments&post=16227"}],"version-history":[{"count":3,"href":"https:\/\/zonaroja.com.mx\/index.php?rest_route=\/wp\/v2\/posts\/16227\/revisions"}],"predecessor-version":[{"id":16232,"href":"https:\/\/zonaroja.com.mx\/index.php?rest_route=\/wp\/v2\/posts\/16227\/revisions\/16232"}],"wp:featuredmedia":[{"embeddable":true,"href":"https:\/\/zonaroja.com.mx\/index.php?rest_route=\/wp\/v2\/media\/16228"}],"wp:attachment":[{"href":"https:\/\/zonaroja.com.mx\/index.php?rest_route=%2Fwp%2Fv2%2Fmedia&parent=16227"}],"wp:term":[{"taxonomy":"category","embeddable":true,"href":"https:\/\/zonaroja.com.mx\/index.php?rest_route=%2Fwp%2Fv2%2Fcategories&post=16227"},{"taxonomy":"post_tag","embeddable":true,"href":"https:\/\/zonaroja.com.mx\/index.php?rest_route=%2Fwp%2Fv2%2Ftags&post=16227"}],"curies":[{"name":"wp","href":"https:\/\/api.w.org\/{rel}","templated":true}]}}