{"id":16231,"date":"2020-08-13T19:54:52","date_gmt":"2020-08-14T00:54:52","guid":{"rendered":"http:\/\/www.zonaroja.com.mx\/?p=16231"},"modified":"2020-08-13T19:54:56","modified_gmt":"2020-08-14T00:54:56","slug":"oaxaca-busca-ser-otra-vez-ejemplo-nacional-ahora-en-caso-de-agroquimicos","status":"publish","type":"post","link":"https:\/\/zonaroja.com.mx\/?p=16231","title":{"rendered":"Oaxaca busca ser otra vez ejemplo nacional, ahora en caso de agroqu\u00edmicos"},"content":{"rendered":"\n<p>Yuridiana Sosa\/Zona Roja.<\/p>\n\n\n\n<p>Oaxaca de Ju\u00e1rez, Oax., 13 de agosto de\n2020.- El Congreso del Estado busca que Oaxaca sea otra vez ejemplo nacional,\nahora en materia de prohibici\u00f3n de agroqu\u00edmicos en el campo.<\/p>\n\n\n\n<p>Este mi\u00e9rcoles, la 64 legislatura aprob\u00f3\nun exhorto para demandar al Gobierno del Estado el abandono de herbicidas que\ncontengan ingredientes como el activo glifosato, a fin de garantizar un campo\noaxaque\u00f1o libre de agroqu\u00edmicos con impacto positivo en la salud y medio\nambiente.<\/p>\n\n\n\n<p>No obstante, se mantiene como\niniciativa de decreto, propuesta por el legislador Oth\u00f3n Cuevas C\u00f3rdova, para\nque sea ley en la entidad.<\/p>\n\n\n\n<p>El punto de acuerdo, de urgente y obvia\nresoluci\u00f3n, fue aprobado con 29 votos en la sesi\u00f3n del pleno realizada este 12\nde agosto, y pide los titulares de las secretar\u00edas de Desarrollo Agropecuario,\nPesca y Acuacultura, Gabriel Cu\u00e9 Navarro, y de Medio Ambiente, Energ\u00edas y Desarrollo\nSustentable, Samuel Gurri\u00f3n Mat\u00edas, promover la no aplicaci\u00f3n de dicho qu\u00edmico\nutilizado como herbicida en la agricultura.<\/p>\n\n\n\n<p>\u201cLos oaxaque\u00f1os hemos sido ejemplo con\nla forma amigable de producir nuestros alimentos, tenemos caf\u00e9 org\u00e1nico,\najonjol\u00ed y hasta mezcal\u201d, expuso el diputado durante su participaci\u00f3n en la que\ndestac\u00f3 la labor de los campesinos oaxaque\u00f1os para lograr alimentos libres de\nqu\u00edmicos.<\/p>\n\n\n\n<p>Oth\u00f3n Cuevas subray\u00f3 que las empresas que emplean activos como el glifosato se\u00f1alan una producci\u00f3n libre de \u201cmala hierba\u201d, sin embargo, en esa categor\u00eda engloba a plantas comestibles como la verdolaga, quelites, entre otras importantes en la dieta local.<\/p>\n\n\n\n<figure class=\"wp-block-embed-twitter wp-block-embed is-type-rich is-provider-twitter\"><div class=\"wp-block-embed__wrapper\">\n<div class=\"twitter-tweet\"><blockquote class=\"twitter-tweet\" data-lang=\"es\"><p lang=\"es\" dir=\"ltr\"><a href=\"https:\/\/twitter.com\/hashtag\/OaxacaSaludable?src=hash&amp;ref_src=twsrc%5Etfw\">#OaxacaSaludable<\/a><br>Con 29 votos, el Congreso de Oaxaca aprob\u00f3 este mi\u00e9rcoles un exhorto al gobierno estatal, presentado por el diputado <a href=\"https:\/\/twitter.com\/othoncuevas?ref_src=twsrc%5Etfw\">@othoncuevas<\/a>, para prohibir el uso de agroqu\u00edmicos como el glifosato, en el campo oaxaque\u00f1o. <a href=\"https:\/\/t.co\/pcRwCSiRSv\">pic.twitter.com\/pcRwCSiRSv<\/a><\/p>&mdash; Zona Roja Oaxaca (@MexRoja) <a href=\"https:\/\/twitter.com\/MexRoja\/status\/1293677440586461189?ref_src=twsrc%5Etfw\">12 de agosto de 2020<\/a><\/blockquote><\/div>\n<\/div><\/figure>\n\n\n\n<p>SON DA\u00d1INOS<\/p>\n\n\n\n<p>\u201cLa Cuarta Transformaci\u00f3n no puede\nestar sujeta a caprichos de las empresas que dicen que no se puede producir si\nno es a trav\u00e9s de qu\u00edmicos\u201d, subray\u00f3 el militante del Partido Morena.<\/p>\n\n\n\n<p>Agreg\u00f3 que el uso inadecuado y no\ncontrolado de sustancias qu\u00edmicas, como los plaguicidas influyen directamente\nen la calidad y productividad de los ecosistemas, la degradaci\u00f3n del medio\nambiente, salud y el bienestar de la poblaci\u00f3n.<\/p>\n\n\n\n<p>Los da\u00f1os que estos productos ocasionan\nest\u00e1n acreditados por investigaciones a nivel internacional y nacional, y\nreportadas en el Cat\u00e1logo de Plaguicidas publicado por la Comisi\u00f3n Federal para\nla Protecci\u00f3n contra Riesgos Sanitarios (Cofepris) en 2016.<\/p>\n\n\n\n<p>Adem\u00e1s, recientemente el Consejo\nNacional de Ciencia y Tecnolog\u00eda (Conacyt) public\u00f3 \u201cExpediente cient\u00edfico sobre\nel glifosato y los OGM\u201d, en el que se integran resultados de m\u00e1s de mil 100 investigaciones\ncient\u00edficas sobre los efectos del glifosato en la salud y el ambiente.<\/p>\n","protected":false},"excerpt":{"rendered":"<p>Yuridiana Sosa\/Zona Roja. Oaxaca de Ju\u00e1rez, Oax., 13 de agosto de 2020.- El Congreso del&hellip;<\/p>\n","protected":false},"author":2,"featured_media":16233,"comment_status":"closed","ping_status":"open","sticky":false,"template":"","format":"standard","meta":{"_lmt_disableupdate":"","_lmt_disable":"","_jetpack_memberships_contains_paid_content":false,"footnotes":""},"categories":[109,46],"tags":[1311],"class_list":["post-16231","post","type-post","status-publish","format-standard","has-post-thumbnail","hentry","category-minuto-a-minuto","category-zona-blanca","tag-othon-cuevas-cordova"],"jetpack_featured_media_url":"https:\/\/zonaroja.com.mx\/wp-content\/uploads\/2020\/08\/Oth\u00f3n-Cuevas-C.jpg","jetpack_sharing_enabled":true,"_links":{"self":[{"href":"https:\/\/zonaroja.com.mx\/index.php?rest_route=\/wp\/v2\/posts\/16231","targetHints":{"allow":["GET"]}}],"collection":[{"href":"https:\/\/zonaroja.com.mx\/index.php?rest_route=\/wp\/v2\/posts"}],"about":[{"href":"https:\/\/zonaroja.com.mx\/index.php?rest_route=\/wp\/v2\/types\/post"}],"author":[{"embeddable":true,"href":"https:\/\/zonaroja.com.mx\/index.php?rest_route=\/wp\/v2\/users\/2"}],"replies":[{"embeddable":true,"href":"https:\/\/zonaroja.com.mx\/index.php?rest_route=%2Fwp%2Fv2%2Fcomments&post=16231"}],"version-history":[{"count":1,"href":"https:\/\/zonaroja.com.mx\/index.php?rest_route=\/wp\/v2\/posts\/16231\/revisions"}],"predecessor-version":[{"id":16234,"href":"https:\/\/zonaroja.com.mx\/index.php?rest_route=\/wp\/v2\/posts\/16231\/revisions\/16234"}],"wp:featuredmedia":[{"embeddable":true,"href":"https:\/\/zonaroja.com.mx\/index.php?rest_route=\/wp\/v2\/media\/16233"}],"wp:attachment":[{"href":"https:\/\/zonaroja.com.mx\/index.php?rest_route=%2Fwp%2Fv2%2Fmedia&parent=16231"}],"wp:term":[{"taxonomy":"category","embeddable":true,"href":"https:\/\/zonaroja.com.mx\/index.php?rest_route=%2Fwp%2Fv2%2Fcategories&post=16231"},{"taxonomy":"post_tag","embeddable":true,"href":"https:\/\/zonaroja.com.mx\/index.php?rest_route=%2Fwp%2Fv2%2Ftags&post=16231"}],"curies":[{"name":"wp","href":"https:\/\/api.w.org\/{rel}","templated":true}]}}