{"id":16238,"date":"2020-08-13T20:49:51","date_gmt":"2020-08-14T01:49:51","guid":{"rendered":"http:\/\/www.zonaroja.com.mx\/?p=16238"},"modified":"2020-08-13T21:32:07","modified_gmt":"2020-08-14T02:32:07","slug":"cumplen-normalistas-dos-dias-de-protestas-hay-cerrazon-del-ieepo-dicen","status":"publish","type":"post","link":"https:\/\/zonaroja.com.mx\/?p=16238","title":{"rendered":"Cumplen normalistas dos d\u00edas de protestas; hay cerraz\u00f3n del IEEPO, dicen"},"content":{"rendered":"\n<p>Yuridiana Sosa\/Zona Roja.<\/p>\n\n\n\n<p>Oaxaca de Ju\u00e1rez, Oax., 13 de agosto de\n2020.- Con quema de llantas, \u201ctoma\u201d de camiones, bloqueos y pintas, estudiantes\nnormalistas se manifestaron en una de las oficinas del Instituto Estatal de\nEducaci\u00f3n P\u00fablica de Oaxaca (IEEPO) para exigir la aplicaci\u00f3n presencial del\nexamen para nuevo ingreso.<\/p>\n\n\n\n<p>En la jornada de este jueves los normalistas de la Coordinadora Estudiantil Normalista del Estado de Oaxaca (CENEO), principalmente de la Escuela Normal Biling\u00fce Intercultural, se apoderaron de unidades del transporte urbano para trasladarse a las oficinas de la dependencia estatal ubicadas en la calle Violetas, colonia Reforma, al norte de la capital.<\/p>\n\n\n\n<figure class=\"wp-block-embed-twitter wp-block-embed is-type-rich is-provider-twitter\"><div class=\"wp-block-embed__wrapper\">\n<div class=\"twitter-tweet\"><blockquote class=\"twitter-tweet\" data-lang=\"es\"><p lang=\"es\" dir=\"ltr\"><a href=\"https:\/\/twitter.com\/hashtag\/%C3%9AltimaHora?src=hash&amp;ref_src=twsrc%5Etfw\">#\u00daltimaHora<\/a> <br>Por segundo d\u00eda consecutivo, estudiantes de la Escuela Normal Biling\u00fce Intercultural de Oaxaca, con sede en Tlacochahuaya, protestan para exigir al <a href=\"https:\/\/twitter.com\/IEEPOGobOax?ref_src=twsrc%5Etfw\">@IEEPOGobOax<\/a> ex\u00e1menes presenciales, no en l\u00ednea. Ahora bloquean la calle Violetas, colonia Reforma, en la capital. <a href=\"https:\/\/t.co\/IQrl08a4NF\">pic.twitter.com\/IQrl08a4NF<\/a><\/p>&mdash; Zona Roja Oaxaca (@MexRoja) <a href=\"https:\/\/twitter.com\/MexRoja\/status\/1293989656866897920?ref_src=twsrc%5Etfw\">13 de agosto de 2020<\/a><\/blockquote><\/div>\n<\/div><\/figure>\n\n\n\n<p>Tras ello apoderaron del edificio,\nbloquearon la vialidad y realizaron pintas al inmueble con sus exigencias.\nHoras despu\u00e9s tambi\u00e9n quemaron llantas para expresar su inconformidad no\natendida.<\/p>\n\n\n\n<p>Durante su posicionamiento, manifestaron las dificultades de los estudiantes de las comunidades rurales e ind\u00edgenas para acceder a una computadora e internet para la aplicaci\u00f3n del examen, lo que representa discriminaci\u00f3n.<\/p>\n\n\n\n<p>Motivo por el que exigieron al IEEPO aplicar de forma presencial la prueba de admisi\u00f3n y atrasarla al 22 de agosto, garantizando los protocolos de sanidad para los asistentes, adem\u00e1s, aseguraron, que bajo este proceso se corren menos riesgos de manipulaci\u00f3n y corrupci\u00f3n en los resultados.<\/p>\n\n\n\n<figure class=\"wp-block-embed-twitter wp-block-embed is-type-rich is-provider-twitter\"><div class=\"wp-block-embed__wrapper\">\n<div class=\"twitter-tweet\"><blockquote class=\"twitter-tweet\" data-lang=\"es\"><p lang=\"es\" dir=\"ltr\"><a href=\"https:\/\/twitter.com\/hashtag\/%C3%9AltimoMinuto?src=hash&amp;ref_src=twsrc%5Etfw\">#\u00daltimoMinuto<\/a> <br>Ante lo que consideran desatenci\u00f3n por parte del <a href=\"https:\/\/twitter.com\/IEEPOGobOax?ref_src=twsrc%5Etfw\">@IEEPOGobOax<\/a>, estudiantes de la Escuela Normal Biling\u00fce Intercultural queman llantas en la calle Violetas de la colonia Reforma, ciudad capital, as\u00ed como el acceso a una oficina de la instituci\u00f3n. <a href=\"https:\/\/t.co\/aaJle1Qpbn\">pic.twitter.com\/aaJle1Qpbn<\/a><\/p>&mdash; Zona Roja Oaxaca (@MexRoja) <a href=\"https:\/\/twitter.com\/MexRoja\/status\/1294021887740334083?ref_src=twsrc%5Etfw\">13 de agosto de 2020<\/a><\/blockquote><\/div>\n<\/div><\/figure>\n\n\n\n<p>IEEPO MANTIENE EXAMEN VIRTUAL<\/p>\n\n\n\n<p>Por su parte, la Unidad de Educaci\u00f3n\nNormal y Formaci\u00f3n de Docentes del Instituto Estatal de Educaci\u00f3n P\u00fablica de\nOaxaca (IEEPO) anunci\u00f3 que no existen posibilidades para la aplicaci\u00f3n del\nexamen de forma presencial, por lo que contin\u00faa vigente el proceso en l\u00ednea.<\/p>\n\n\n\n<p>El examen de admisi\u00f3n para cualquiera\nde las 11 Escuelas Normales p\u00fablicas se aplicar\u00e1 el pr\u00f3ximo 15 de agosto, en\ntanto, el IEEPO demand\u00f3 a los j\u00f3venes apoyar y solidarizarse con las medidas de\nsana distancia para enfrentar la contingencia.<\/p>\n","protected":false},"excerpt":{"rendered":"<p>Yuridiana Sosa\/Zona Roja. Oaxaca de Ju\u00e1rez, Oax., 13 de agosto de 2020.- Con quema de&hellip;<\/p>\n","protected":false},"author":2,"featured_media":16239,"comment_status":"closed","ping_status":"open","sticky":false,"template":"","format":"standard","meta":{"_lmt_disableupdate":"","_lmt_disable":"","_jetpack_memberships_contains_paid_content":false,"footnotes":""},"categories":[109,47],"tags":[1921],"class_list":["post-16238","post","type-post","status-publish","format-standard","has-post-thumbnail","hentry","category-minuto-a-minuto","category-zona-gris","tag-escuela-normal-bilingue-intercultural-de-oaxaca"],"jetpack_featured_media_url":"https:\/\/zonaroja.com.mx\/wp-content\/uploads\/2020\/08\/Protesta-normalistas-1.jpg","jetpack_sharing_enabled":true,"_links":{"self":[{"href":"https:\/\/zonaroja.com.mx\/index.php?rest_route=\/wp\/v2\/posts\/16238","targetHints":{"allow":["GET"]}}],"collection":[{"href":"https:\/\/zonaroja.com.mx\/index.php?rest_route=\/wp\/v2\/posts"}],"about":[{"href":"https:\/\/zonaroja.com.mx\/index.php?rest_route=\/wp\/v2\/types\/post"}],"author":[{"embeddable":true,"href":"https:\/\/zonaroja.com.mx\/index.php?rest_route=\/wp\/v2\/users\/2"}],"replies":[{"embeddable":true,"href":"https:\/\/zonaroja.com.mx\/index.php?rest_route=%2Fwp%2Fv2%2Fcomments&post=16238"}],"version-history":[{"count":2,"href":"https:\/\/zonaroja.com.mx\/index.php?rest_route=\/wp\/v2\/posts\/16238\/revisions"}],"predecessor-version":[{"id":16242,"href":"https:\/\/zonaroja.com.mx\/index.php?rest_route=\/wp\/v2\/posts\/16238\/revisions\/16242"}],"wp:featuredmedia":[{"embeddable":true,"href":"https:\/\/zonaroja.com.mx\/index.php?rest_route=\/wp\/v2\/media\/16239"}],"wp:attachment":[{"href":"https:\/\/zonaroja.com.mx\/index.php?rest_route=%2Fwp%2Fv2%2Fmedia&parent=16238"}],"wp:term":[{"taxonomy":"category","embeddable":true,"href":"https:\/\/zonaroja.com.mx\/index.php?rest_route=%2Fwp%2Fv2%2Fcategories&post=16238"},{"taxonomy":"post_tag","embeddable":true,"href":"https:\/\/zonaroja.com.mx\/index.php?rest_route=%2Fwp%2Fv2%2Ftags&post=16238"}],"curies":[{"name":"wp","href":"https:\/\/api.w.org\/{rel}","templated":true}]}}