{"id":16246,"date":"2020-08-14T09:04:02","date_gmt":"2020-08-14T14:04:02","guid":{"rendered":"http:\/\/www.zonaroja.com.mx\/?p=16246"},"modified":"2020-08-14T08:06:38","modified_gmt":"2020-08-14T13:06:38","slug":"regidora-de-reforma-de-pineda-padece-violencia-politica-desde-hace-ano-y-medio","status":"publish","type":"post","link":"https:\/\/zonaroja.com.mx\/?p=16246","title":{"rendered":"Regidora de Reforma de Pineda padece violencia pol\u00edtica desde hace a\u00f1o y medio"},"content":{"rendered":"\n<p>Evlin Arag\u00f3n\/Zona Roja. Foto: Especial<\/p>\n\n\n\n<p>Oaxaca de Ju\u00e1rez, Oax., 14 de agosto de 2020.- Rosa Mar\u00eda Aguilar Antonio denunci\u00f3 que por m\u00e1s de un a\u00f1o y ocho meses ha sido v\u00edctima de violencia pol\u00edtica por raz\u00f3n de g\u00e9nero, que le ha impedido ejercer el cargo de regidora en el municipio de Reforma de Pineda, ubicado en la regi\u00f3n del Istmo de Tehuantepec. <\/p>\n\n\n\n<p>As\u00ed lo expuso a trav\u00e9s de sus redes\nsociales, en que explic\u00f3 que desde el 2018 obtuvo una regidur\u00eda, misma que no\nha podido ejercer debido a una serie de impedimentos realizados por la\nautoridad actual encabezada por Aracely Garc\u00eda Hern\u00e1ndez, de extracci\u00f3n\npriista. <\/p>\n\n\n\n<p>\u201cA todas las personas, amigos y amigas,\npor este medio les informo el camino que he recorrido en un a\u00f1o ocho meses, no\nlo hab\u00eda querido hacer p\u00fablico porque creo en la justicia y en las\ninstituciones, pero ya es tiempo\u201d, refiri\u00f3. <\/p>\n\n\n\n<p>La mujer zapoteca asegur\u00f3 que ha\nintentado por todas las v\u00edas legales ocupar su cargo y ejercer sus funciones,\nsin embargo, se ha topado con actitudes violentas por parte de otras mujeres\nque no le permiten ejercer su derecho pol\u00edtico, pas\u00e1ndose por encima las leyes\nelectorales.<\/p>\n\n\n\n<p>\u201cSoy una mujer que ha trabajado en\nfavor de mi comunidad y especialmente a favor de otras mujeres, estoy en contra\nde la violencia entre nosotras mismas. Solo quiero ejercer mis derechos\npol\u00edticos y que estos sean respetados\u201d, manifest\u00f3.<\/p>\n\n\n\n<p>Su incansable lucha por el respeto a\nsus derechos dio como resultado una sentencia del Tribunal Electoral del Estado\nde Oaxaca (TEEO) que oblig\u00f3, en el 2019, a la presidenta municipal a tomarle\nprotesta.<\/p>\n\n\n\n<p>Sin embargo, lo hizo como encargada de\nla \u201cRegidur\u00eda de Ornato\u201d en donde la conminaron a ponerse a barrer, acci\u00f3n que\ndenomin\u00f3 como violenta y que limita el actuar de una mujer en un cargo p\u00fablico.<\/p>\n\n\n\n<p>Y es que Rosa Mar\u00eda no cuenta con lugar\nde trabajo, no es llamada a sesiones de Cabildo ni tampoco recibe remuneraci\u00f3n\nalguna por su trabajo, raz\u00f3n por la que ha iniciado un nuevo juicio en el que\nexige el cambio de regidur\u00eda ya que en el actual la mun\u00edcipe refuerza los\nestereotipos de g\u00e9nero. <\/p>\n\n\n\n<p>Por lo anterior, hizo un llamado a sus\nseguidores en redes sociales a fin de compartir la informaci\u00f3n expuesta como\nforma de presionar a las autoridades electorales y de gobierno para que cumplan\ncon su labor y eviten que se sigan vulnerando los derechos pol\u00edticos de las\nmujeres. <\/p>\n\n\n\n<p>En el 2016, Aguilar Antonio fue la\nprimera presidenta municipal en M\u00e9xico que logr\u00f3 el triunfo de manera\nindependiente; dos a\u00f1os despu\u00e9s intent\u00f3 reelegirse, sin embargo, los votos no\nla favorecieron para dirigir por segunda ocasi\u00f3n el municipio istme\u00f1o. <\/p>\n\n\n\n<p>Aun as\u00ed, conforme a los establecido por\nla normatividad electoral le correspond\u00eda una regidur\u00eda, pero no fue convocada\npara la toma de protesta y tampoco se le asign\u00f3 un cargo en tiempo y forma.<\/p>\n\n\n\n<p>En la sesi\u00f3n ordinaria de este mi\u00e9rcoles del Congreso del Estado, la diputada Aleida Serrano Rosado se pronunci\u00f3 en contra de la violencia pol\u00edtica y de g\u00e9nero hacia la concejal y pidi\u00f3 la intervenci\u00f3n inmediata de las autoridades.<\/p>\n\n\n\n<figure class=\"wp-block-embed-twitter wp-block-embed is-type-rich is-provider-twitter\"><div class=\"wp-block-embed__wrapper\">\n<div class=\"twitter-tweet\"><blockquote class=\"twitter-tweet\" data-lang=\"es\"><p lang=\"es\" dir=\"ltr\"><a href=\"https:\/\/twitter.com\/hashtag\/ViolenciaDeG%C3%A9nero?src=hash&amp;ref_src=twsrc%5Etfw\">#ViolenciaDeG\u00e9nero<\/a><br>En la sesi\u00f3n de ayer, la legisladora Aleida Serrano se pronunci\u00f3 contra la violencia de g\u00e9nero hacia la regidora Rosa Mar\u00eda Aguilar Antonio, por parte de la presidenta municipal de Reforma de Pineda,Aracely Garc\u00eda Hern\u00e1ndez, quien le ha impedido asumir labores. <a href=\"https:\/\/t.co\/aLTRbWf2bt\">pic.twitter.com\/aLTRbWf2bt<\/a><\/p>&mdash; Zona Roja Oaxaca (@MexRoja) <a href=\"https:\/\/twitter.com\/MexRoja\/status\/1294095972528558080?ref_src=twsrc%5Etfw\">14 de agosto de 2020<\/a><\/blockquote><\/div>\n<\/div><\/figure>\n","protected":false},"excerpt":{"rendered":"<p>Evlin Arag\u00f3n\/Zona Roja. Foto: Especial Oaxaca de Ju\u00e1rez, Oax., 14 de agosto de 2020.- Rosa&hellip;<\/p>\n","protected":false},"author":2,"featured_media":16247,"comment_status":"closed","ping_status":"open","sticky":false,"template":"","format":"standard","meta":{"_lmt_disableupdate":"","_lmt_disable":"","_jetpack_memberships_contains_paid_content":false,"footnotes":""},"categories":[109,47],"tags":[1208,1922],"class_list":["post-16246","post","type-post","status-publish","format-standard","has-post-thumbnail","hentry","category-minuto-a-minuto","category-zona-gris","tag-reforma-de-pineda","tag-rosa-maria-aguilar-antonio"],"jetpack_featured_media_url":"https:\/\/zonaroja.com.mx\/wp-content\/uploads\/2020\/08\/Rosa-Mar\u00eda-Aguilar-Antonio.jpeg","jetpack_sharing_enabled":true,"_links":{"self":[{"href":"https:\/\/zonaroja.com.mx\/index.php?rest_route=\/wp\/v2\/posts\/16246","targetHints":{"allow":["GET"]}}],"collection":[{"href":"https:\/\/zonaroja.com.mx\/index.php?rest_route=\/wp\/v2\/posts"}],"about":[{"href":"https:\/\/zonaroja.com.mx\/index.php?rest_route=\/wp\/v2\/types\/post"}],"author":[{"embeddable":true,"href":"https:\/\/zonaroja.com.mx\/index.php?rest_route=\/wp\/v2\/users\/2"}],"replies":[{"embeddable":true,"href":"https:\/\/zonaroja.com.mx\/index.php?rest_route=%2Fwp%2Fv2%2Fcomments&post=16246"}],"version-history":[{"count":2,"href":"https:\/\/zonaroja.com.mx\/index.php?rest_route=\/wp\/v2\/posts\/16246\/revisions"}],"predecessor-version":[{"id":16256,"href":"https:\/\/zonaroja.com.mx\/index.php?rest_route=\/wp\/v2\/posts\/16246\/revisions\/16256"}],"wp:featuredmedia":[{"embeddable":true,"href":"https:\/\/zonaroja.com.mx\/index.php?rest_route=\/wp\/v2\/media\/16247"}],"wp:attachment":[{"href":"https:\/\/zonaroja.com.mx\/index.php?rest_route=%2Fwp%2Fv2%2Fmedia&parent=16246"}],"wp:term":[{"taxonomy":"category","embeddable":true,"href":"https:\/\/zonaroja.com.mx\/index.php?rest_route=%2Fwp%2Fv2%2Fcategories&post=16246"},{"taxonomy":"post_tag","embeddable":true,"href":"https:\/\/zonaroja.com.mx\/index.php?rest_route=%2Fwp%2Fv2%2Ftags&post=16246"}],"curies":[{"name":"wp","href":"https:\/\/api.w.org\/{rel}","templated":true}]}}