{"id":16249,"date":"2020-08-13T22:07:32","date_gmt":"2020-08-14T03:07:32","guid":{"rendered":"http:\/\/www.zonaroja.com.mx\/?p=16249"},"modified":"2020-08-13T22:07:36","modified_gmt":"2020-08-14T03:07:36","slug":"rebasa-oaxaca-los-12-mil-contagiados-por-covid-19","status":"publish","type":"post","link":"https:\/\/zonaroja.com.mx\/?p=16249","title":{"rendered":"Rebasa Oaxaca los 12 mil contagiados por Covid-19"},"content":{"rendered":"\n<p>Redacci\u00f3n\/Zona Roja. <\/p>\n\n\n\n<p>Oaxaca de Ju\u00e1rez, Oax. 13 de agosto de\n2020.- Los Servicios de Salud de Oaxaca (SSO) informaron que la entidad alcanz\u00f3\nlos 12 mil 59 contagios acumulados de Covid-19 y mil 122 defunciones, por lo\nque hay un incremento de 84 casos nuevos y nueve decesos, en comparaci\u00f3n del\ninforme epidemiol\u00f3gico de ayer.<\/p>\n\n\n\n<p>En un comunicado, la dependencia\ndestac\u00f3 que este 13 de agosto se han notificado 590 pacientes con la enfermedad\nrespiratoria en etapa activa, es decir, que se contagiaron en los \u00faltimos 14\nd\u00edas y a\u00fan pueden transmitir el virus a otras personas.<\/p>\n\n\n\n<p>Indic\u00f3 que a lo largo de la emergencia\nsanitaria en el territorio oaxaque\u00f1o, se tienen un global de cinco mil 111\nmuestras con resultado negativo al virus, 840 est\u00e1n como sospechosas, y hay un\ntotal de 10 mil 347 oaxaque\u00f1as y oaxaque\u00f1os que se han recuperado del\npadecimiento.<\/p>\n\n\n\n<p>Se\u00f1al\u00f3 que la regi\u00f3n de Valles Centrales se mantiene como zona con el mayor n\u00famero de contagios reportados cada 24 horas, a la fecha tiene un acumulado de 7 mil 903 casos, de esta cifra, s\u00f3lo est\u00e1n activos 439, adem\u00e1s es el primer lugar en cuanto a incidencia de mortalidad con 541 fallecimientos.<\/p>\n\n\n\n<figure class=\"wp-block-embed-twitter wp-block-embed is-type-rich is-provider-twitter\"><div class=\"wp-block-embed__wrapper\">\n<div class=\"twitter-tweet\"><blockquote class=\"twitter-tweet\" data-lang=\"es\"><p lang=\"es\" dir=\"ltr\"><a href=\"https:\/\/twitter.com\/hashtag\/Oaxaca?src=hash&amp;ref_src=twsrc%5Etfw\">#Oaxaca<\/a> registr\u00f3 un total de 84 casos positivos nuevos de <a href=\"https:\/\/twitter.com\/hashtag\/COVID19?src=hash&amp;ref_src=twsrc%5Etfw\">#COVID19<\/a>, al corte de hoy 13 de agosto, los cuales se distribuyen en 38 municipios. <a href=\"https:\/\/t.co\/BjCqpKSB0e\">pic.twitter.com\/BjCqpKSB0e<\/a><\/p>&mdash; Servicios de Salud (@SSO_GobOax) <a href=\"https:\/\/twitter.com\/SSO_GobOax\/status\/1294085741694406661?ref_src=twsrc%5Etfw\">14 de agosto de 2020<\/a><\/blockquote><\/div>\n<\/div><\/figure>\n\n\n\n<p>Especific\u00f3 que este jueves la\nJurisdicci\u00f3n Sanitaria de Tuxtepec registr\u00f3 un global de mil 550 pacientes, de\nlos cuales 37 son activos y 224 decesos; mientras que el Istmo report\u00f3 mil 241\nconfirmados, 32 activos y 210 perdidas fatales.<\/p>\n\n\n\n<p>Por n\u00famero de contagios positivos, le\nsigue la Mixteca con 670 casos, 27 activos y 65 muertes; la Costa con 490, 33\nactivos y 49 fallecimientos, y por ultim\u00f3 la Sierra (Norte) contabiliz\u00f3 205\ncontagios, de estos 22 son activos y 33 personas han perdido la vida.<\/p>\n\n\n\n<p>La instituci\u00f3n del Gobierno del Estado,\nrecomend\u00f3 lavarse las manos con agua y jab\u00f3n de manera frecuente; usar\ncubrebocas, no tocarse la cara, nariz, boca y ojos; limpiar y desinfectar\nsuperficies y objetos de uso com\u00fan; consumir frutas y verduras sobre todo\namarillas y verdes; cocinar bien los alimentos, as\u00ed como evitar el contacto con\npersonas que presenten s\u00edntomas gripales.<\/p>\n","protected":false},"excerpt":{"rendered":"<p>Redacci\u00f3n\/Zona Roja. Oaxaca de Ju\u00e1rez, Oax. 13 de agosto de 2020.- Los Servicios de Salud&hellip;<\/p>\n","protected":false},"author":2,"featured_media":16250,"comment_status":"closed","ping_status":"open","sticky":false,"template":"","format":"standard","meta":{"_lmt_disableupdate":"","_lmt_disable":"","_jetpack_memberships_contains_paid_content":false,"footnotes":""},"categories":[109,47],"tags":[1512],"class_list":["post-16249","post","type-post","status-publish","format-standard","has-post-thumbnail","hentry","category-minuto-a-minuto","category-zona-gris","tag-coronavirus-oaxaca"],"jetpack_featured_media_url":"https:\/\/zonaroja.com.mx\/wp-content\/uploads\/2020\/08\/SSO-2-1.jpeg","jetpack_sharing_enabled":true,"_links":{"self":[{"href":"https:\/\/zonaroja.com.mx\/index.php?rest_route=\/wp\/v2\/posts\/16249","targetHints":{"allow":["GET"]}}],"collection":[{"href":"https:\/\/zonaroja.com.mx\/index.php?rest_route=\/wp\/v2\/posts"}],"about":[{"href":"https:\/\/zonaroja.com.mx\/index.php?rest_route=\/wp\/v2\/types\/post"}],"author":[{"embeddable":true,"href":"https:\/\/zonaroja.com.mx\/index.php?rest_route=\/wp\/v2\/users\/2"}],"replies":[{"embeddable":true,"href":"https:\/\/zonaroja.com.mx\/index.php?rest_route=%2Fwp%2Fv2%2Fcomments&post=16249"}],"version-history":[{"count":1,"href":"https:\/\/zonaroja.com.mx\/index.php?rest_route=\/wp\/v2\/posts\/16249\/revisions"}],"predecessor-version":[{"id":16251,"href":"https:\/\/zonaroja.com.mx\/index.php?rest_route=\/wp\/v2\/posts\/16249\/revisions\/16251"}],"wp:featuredmedia":[{"embeddable":true,"href":"https:\/\/zonaroja.com.mx\/index.php?rest_route=\/wp\/v2\/media\/16250"}],"wp:attachment":[{"href":"https:\/\/zonaroja.com.mx\/index.php?rest_route=%2Fwp%2Fv2%2Fmedia&parent=16249"}],"wp:term":[{"taxonomy":"category","embeddable":true,"href":"https:\/\/zonaroja.com.mx\/index.php?rest_route=%2Fwp%2Fv2%2Fcategories&post=16249"},{"taxonomy":"post_tag","embeddable":true,"href":"https:\/\/zonaroja.com.mx\/index.php?rest_route=%2Fwp%2Fv2%2Ftags&post=16249"}],"curies":[{"name":"wp","href":"https:\/\/api.w.org\/{rel}","templated":true}]}}