{"id":16260,"date":"2020-08-14T10:28:35","date_gmt":"2020-08-14T15:28:35","guid":{"rendered":"http:\/\/www.zonaroja.com.mx\/?p=16260"},"modified":"2020-08-14T13:18:15","modified_gmt":"2020-08-14T18:18:15","slug":"dictan-formal-prision-a-oaxaquenos-en-jalisco-por-caso-eperristas-desaparecidos","status":"publish","type":"post","link":"https:\/\/zonaroja.com.mx\/?p=16260","title":{"rendered":"Dictan formal prisi\u00f3n a oaxaque\u00f1os en Jalisco, por caso eperristas desaparecidos"},"content":{"rendered":"\n<p>Redacci\u00f3n\/Zona Roja Cdmx.<\/p>\n\n\n\n<p>Ciudad de M\u00e9xico, 14 de agosto de 2020.-\nUn juez federal con sede en el estado de Jalisco dict\u00f3 auto de formal prisi\u00f3n\nen contra de siete oaxaque\u00f1os, detenidos la semana pasada por la desaparici\u00f3n\nen mayo de 2007 de dos integrantes del Ej\u00e9rcito Popular Revolucionario.<\/p>\n\n\n\n<p>Se trata de Daniel C. F., ex director de la entonces Polic\u00eda Ministerial, as\u00ed como el comandante regional en la zona de la Mixteca, Abel M.; el comandante del grupo de Delitos de Alto Impacto de la Fiscal\u00eda General de Oaxaca, Juan Jos\u00e9 (ex comandante regional de la Mixteca); el jefe de grupo Francisco P., y los agentes Samuel L., D\u00e1maso S y Ernesto H., acusados del delito de desaparici\u00f3n forzada.<\/p>\n\n\n\n<p>En tanto, aunque no hay versi\u00f3n oficial\nde las autoridades federales ni de la familia, el ex procurador de Justicia,\nEvencio Nicol\u00e1s Mart\u00ednez Ram\u00edrez, enfrentar\u00e1 el juicio mediante un amparo.<\/p>\n\n\n\n<p>Los eperristas Edmundo Reyes y Gabriel\nCruz desaparecieron el 25 de mayo de 2007 en el hotel del \u201c\u00c1rbol\u201d de la ciudad\nde Oaxaca, cuando Ulises Ruiz Ortiz era gobernador y Felipe Calder\u00f3n Hinojosa\nPresidente de M\u00e9xico.<\/p>\n\n\n\n<p>Tras la determinaci\u00f3n de vinculaci\u00f3n a\nproceso, la juez con sede en Jalisco declin\u00f3 competencia para que un juez de\ndistrito de Oaxaca conozca del caso por haber ocurrido los hechos en la entidad\noaxaque\u00f1a.<\/p>\n\n\n\n<p>Como se inform\u00f3, el 27 de abril del\n2008, en el municipio de San Antonio de la Cal, Oaxaca, el entonces subdirector\noperativo de la entonces Polic\u00eda Ministerial del Estado (PME), ahora Agencia\nEstatal de Investigaciones, Pedro H. H. y el agente \u00c1ngel R. C. fueron\naprehendidos por el Ej\u00e9rcito Mexicano y elementos de la Polic\u00eda Federal\nPreventiva establecidos en esa ciudad. <\/p>\n\n\n\n<p>Fueron trasladados v\u00eda a\u00e9rea a la Ciudad\nde M\u00e9xico, donde rindieron su declaraci\u00f3n ante el Ministerio P\u00fablico de la Federaci\u00f3n\nadscrito a la Unidad Especializada en Investigaci\u00f3n de Terrorismo, Acopio y\nTr\u00e1fico de Armas (UEITA), perteneciente a la Subprocuradur\u00eda de Investigaci\u00f3n\nEspecializada en Delincuencia Organizada (SIEDO) de la Procuradur\u00eda General de\nla Rep\u00fablica (PGR).<\/p>\n\n\n\n<p>Los detenidos fueron se\u00f1alados en la\naveriguaci\u00f3n previa PGR\/SIEDO\/UEITA\/047-08 por tener alguna responsabilidad en\nla detenci\u00f3n ilegal y posterior desaparici\u00f3n de los dos militantes eperristas.<\/p>\n\n\n\n<p>Tras el arraigo de 90 d\u00edas, ambos\nquedaron en libertad; ahora el pasado 6 de agosto, fueron detenidos siete\npresuntos responsables que recibieron el auto de formal prisi\u00f3n.<\/p>\n","protected":false},"excerpt":{"rendered":"<p>Redacci\u00f3n\/Zona Roja Cdmx. Ciudad de M\u00e9xico, 14 de agosto de 2020.- Un juez federal con&hellip;<\/p>\n","protected":false},"author":2,"featured_media":16261,"comment_status":"closed","ping_status":"open","sticky":false,"template":"","format":"standard","meta":{"_lmt_disableupdate":"","_lmt_disable":"","_jetpack_memberships_contains_paid_content":false,"footnotes":""},"categories":[109,47],"tags":[1923,1895],"class_list":["post-16260","post","type-post","status-publish","format-standard","has-post-thumbnail","hentry","category-minuto-a-minuto","category-zona-gris","tag-eperristas-desaparecidos-oaxaca","tag-evencio-nicolas-martinez-ramirez"],"jetpack_featured_media_url":"https:\/\/zonaroja.com.mx\/wp-content\/uploads\/2020\/08\/Eperristas-desaparecidos-2.png","jetpack_sharing_enabled":true,"_links":{"self":[{"href":"https:\/\/zonaroja.com.mx\/index.php?rest_route=\/wp\/v2\/posts\/16260","targetHints":{"allow":["GET"]}}],"collection":[{"href":"https:\/\/zonaroja.com.mx\/index.php?rest_route=\/wp\/v2\/posts"}],"about":[{"href":"https:\/\/zonaroja.com.mx\/index.php?rest_route=\/wp\/v2\/types\/post"}],"author":[{"embeddable":true,"href":"https:\/\/zonaroja.com.mx\/index.php?rest_route=\/wp\/v2\/users\/2"}],"replies":[{"embeddable":true,"href":"https:\/\/zonaroja.com.mx\/index.php?rest_route=%2Fwp%2Fv2%2Fcomments&post=16260"}],"version-history":[{"count":2,"href":"https:\/\/zonaroja.com.mx\/index.php?rest_route=\/wp\/v2\/posts\/16260\/revisions"}],"predecessor-version":[{"id":16266,"href":"https:\/\/zonaroja.com.mx\/index.php?rest_route=\/wp\/v2\/posts\/16260\/revisions\/16266"}],"wp:featuredmedia":[{"embeddable":true,"href":"https:\/\/zonaroja.com.mx\/index.php?rest_route=\/wp\/v2\/media\/16261"}],"wp:attachment":[{"href":"https:\/\/zonaroja.com.mx\/index.php?rest_route=%2Fwp%2Fv2%2Fmedia&parent=16260"}],"wp:term":[{"taxonomy":"category","embeddable":true,"href":"https:\/\/zonaroja.com.mx\/index.php?rest_route=%2Fwp%2Fv2%2Fcategories&post=16260"},{"taxonomy":"post_tag","embeddable":true,"href":"https:\/\/zonaroja.com.mx\/index.php?rest_route=%2Fwp%2Fv2%2Ftags&post=16260"}],"curies":[{"name":"wp","href":"https:\/\/api.w.org\/{rel}","templated":true}]}}