{"id":16263,"date":"2020-08-14T10:36:44","date_gmt":"2020-08-14T15:36:44","guid":{"rendered":"http:\/\/www.zonaroja.com.mx\/?p=16263"},"modified":"2020-08-14T10:36:47","modified_gmt":"2020-08-14T15:36:47","slug":"preocupa-a-feministas-recurrente-desaparicion-de-jovenes-en-oaxaca","status":"publish","type":"post","link":"https:\/\/zonaroja.com.mx\/?p=16263","title":{"rendered":"Preocupa a feministas recurrente desaparici\u00f3n de j\u00f3venes en Oaxaca"},"content":{"rendered":"\n<p>Evlin Arag\u00f3n\/Zona Roja.<\/p>\n\n\n\n<p>Oaxaca de Ju\u00e1rez, Oax., 14 de agosto de\n2020.- \u201cPor favor ayuden a localizarla, su nombre es Greysi, es de Tlaxiaco,\nOaxaca, pero puede estar en alg\u00fan otro lugar ya, ay\u00fadenos\u201d, fue el mensaje que\nacompa\u00f1\u00f3 una fotograf\u00eda de una joven vestida de blanco y con una enorme sonrisa\nque hab\u00eda desaparecido y era buscada por su familia.&nbsp; <\/p>\n\n\n\n<p>Aunque horas despu\u00e9s fue localizada y\neliminada completamente la publicaci\u00f3n original donde se ped\u00eda la colaboraci\u00f3n\nde la ciudadan\u00eda para dar con el paradero de la joven, la historia se ha\nrepetido una y otra vez en la entidad oaxaque\u00f1a, donde lastimosamente se hace\ncom\u00fan la desaparici\u00f3n y no localizaci\u00f3n de j\u00f3venes.&nbsp; <\/p>\n\n\n\n<p>La colectiva Feministas Oaxaca\nmanifest\u00f3 su preocupaci\u00f3n ante la situaci\u00f3n y evidenci\u00f3 que tan s\u00f3lo el lunes\n10 de agosto fueron reportadas como desaparecidas cuatro mujeres: dos de ellas\nen la regi\u00f3n de la Mixteca, una en el Istmo de Tehuantepec y una m\u00e1s en la zona\nconurbada de la entidad. <\/p>\n\n\n\n<p>Las fichas de b\u00fasqueda refieren que\nLaura de 35 a\u00f1os de edad, Yaret Yesenia de 13 a\u00f1os, Sara\u00ed de 14 a\u00f1os y Julissa\nde 12 a\u00f1os salieron de sus viviendas y no volvieron m\u00e1s, por lo que sus\nfamiliares iniciaron con el procedimiento ante la Fiscal\u00eda General del Estado,\nencargado de emitir la informaci\u00f3n oficial.&nbsp;\n<\/p>\n\n\n\n<p>Las activistas refirieron que la\nentidad oaxaque\u00f1a es tr\u00e1nsito trata de personas, raz\u00f3n por la que preocupan de\nsobremanera los reporte cada vez m\u00e1s comunes con relaci\u00f3n a la desaparici\u00f3n de\nj\u00f3venes, que de acuerdo con sus datos es de tres mujeres al d\u00eda, mismo n\u00famero\nde feminicidios que se registran en la entidad cada 24 horas.&nbsp; <\/p>\n\n\n\n<p>De igual forma, criticaron que en\nOaxaca las autoridades se mantengan omisas ante la situaci\u00f3n que calificaron de\ngrave en perjuicio de las mujeres en la entidad, quienes actualmente viven en\nla zozobra al no saber si regresaran a casa, despu\u00e9s de salir a la calle por\ndiversos motivos.&nbsp; <\/p>\n\n\n\n<p>\u201cEn lo que va del mes de agosto, cinco\nmujeres desaparecidas en tres d\u00edas en Oaxaca. En Oaxaca al fiscal General Rub\u00e9n\nVasconcelos M\u00e9ndez le importa m\u00e1s tomarse la foto y estar en reuniones sociales\nque atender a las madres de hijas v\u00edctimas de feminicidio y familiares de\nmujeres desaparecidas\u201d, refieren en su publicaci\u00f3n.&nbsp; <\/p>\n\n\n\n<p>Advirtieron a las personas interesadas\nen visitar la entidad oaxaque\u00f1a para que no lo hagan ya que no existen las\ncondiciones de seguridad para las mujeres, adem\u00e1s que advirtieron mantendr\u00e1n\nlas denuncias y exigencias de actuaci\u00f3n por parte de las autoridades\nestatales.&nbsp; <\/p>\n\n\n\n<p>\u201cNo vengan a Oaxaca aqu\u00ed desaparecen y\nmatan a las mujeres. \u00a1Nunca m\u00e1s tendr\u00e1n la comodidad de nuestro silencio! \u00a1La\npandemia no nos detendr\u00e1! \u00a1Si tocan a una respondemos todas!\u201d sentenciaron.\n\nAl respecto Consorcio Oaxaca reporta 862 casos de desaparici\u00f3n de\nmujeres en lo que va de la administraci\u00f3n de Alejandro Murat Hinojosa, lo\nanterior derivado del recuento que realiza con base en las notas publicadas por\nlos medios de comunicaci\u00f3n. \n\n\n\n<\/p>\n","protected":false},"excerpt":{"rendered":"<p>Evlin Arag\u00f3n\/Zona Roja. Oaxaca de Ju\u00e1rez, Oax., 14 de agosto de 2020.- \u201cPor favor ayuden&hellip;<\/p>\n","protected":false},"author":2,"featured_media":16264,"comment_status":"closed","ping_status":"open","sticky":false,"template":"","format":"standard","meta":{"_lmt_disableupdate":"","_lmt_disable":"","_jetpack_memberships_contains_paid_content":false,"footnotes":""},"categories":[109,47],"tags":[455],"class_list":["post-16263","post","type-post","status-publish","format-standard","has-post-thumbnail","hentry","category-minuto-a-minuto","category-zona-gris","tag-mujeres-desaparecidas-oaxaca"],"jetpack_featured_media_url":"https:\/\/zonaroja.com.mx\/wp-content\/uploads\/2020\/08\/Desaparecidas-Oaxaca.jpg","jetpack_sharing_enabled":true,"_links":{"self":[{"href":"https:\/\/zonaroja.com.mx\/index.php?rest_route=\/wp\/v2\/posts\/16263","targetHints":{"allow":["GET"]}}],"collection":[{"href":"https:\/\/zonaroja.com.mx\/index.php?rest_route=\/wp\/v2\/posts"}],"about":[{"href":"https:\/\/zonaroja.com.mx\/index.php?rest_route=\/wp\/v2\/types\/post"}],"author":[{"embeddable":true,"href":"https:\/\/zonaroja.com.mx\/index.php?rest_route=\/wp\/v2\/users\/2"}],"replies":[{"embeddable":true,"href":"https:\/\/zonaroja.com.mx\/index.php?rest_route=%2Fwp%2Fv2%2Fcomments&post=16263"}],"version-history":[{"count":1,"href":"https:\/\/zonaroja.com.mx\/index.php?rest_route=\/wp\/v2\/posts\/16263\/revisions"}],"predecessor-version":[{"id":16265,"href":"https:\/\/zonaroja.com.mx\/index.php?rest_route=\/wp\/v2\/posts\/16263\/revisions\/16265"}],"wp:featuredmedia":[{"embeddable":true,"href":"https:\/\/zonaroja.com.mx\/index.php?rest_route=\/wp\/v2\/media\/16264"}],"wp:attachment":[{"href":"https:\/\/zonaroja.com.mx\/index.php?rest_route=%2Fwp%2Fv2%2Fmedia&parent=16263"}],"wp:term":[{"taxonomy":"category","embeddable":true,"href":"https:\/\/zonaroja.com.mx\/index.php?rest_route=%2Fwp%2Fv2%2Fcategories&post=16263"},{"taxonomy":"post_tag","embeddable":true,"href":"https:\/\/zonaroja.com.mx\/index.php?rest_route=%2Fwp%2Fv2%2Ftags&post=16263"}],"curies":[{"name":"wp","href":"https:\/\/api.w.org\/{rel}","templated":true}]}}