{"id":16267,"date":"2020-08-14T16:32:55","date_gmt":"2020-08-14T21:32:55","guid":{"rendered":"http:\/\/www.zonaroja.com.mx\/?p=16267"},"modified":"2020-08-14T16:32:59","modified_gmt":"2020-08-14T21:32:59","slug":"mujer-denuncia-coso-sexual-detienen-a-uno-pero-policia-municipal-de-oaxaca-lo-libera","status":"publish","type":"post","link":"https:\/\/zonaroja.com.mx\/?p=16267","title":{"rendered":"Mujer denuncia coso sexual; detienen a uno, pero polic\u00eda municipal de Oaxaca lo libera"},"content":{"rendered":"\n<p>Yuridiana Sosa\/Zona Roja.<\/p>\n\n\n\n<p>Oaxaca de Ju\u00e1rez, Oax., 14 de agosto de\n2020.- Luego de tenderle una trampa, un hombre fue detenido por un grupo de\nciudadanos en el centro de la capital oaxaque\u00f1a, tras acosar en redes sociales\na una joven mujer.<\/p>\n\n\n\n<p>Sin embargo, la Polic\u00eda Municipal de\nOaxaca de Ju\u00e1rez lo puso en libertad, al asegurar que no encontr\u00f3 delito que\nseguir.<\/p>\n\n\n\n<p>Los hechos sucedieron alrededor del\nmediod\u00eda en el centro de la capital, seg\u00fan lo denunci\u00f3 p\u00fablicamente la v\u00edctima\nidentificada como Ximena, quien indignada por la acci\u00f3n de la polic\u00eda de la\ncapital, expuso el delito en su contra por parte de un hombre que la acos\u00f3\nsexualmente por Whatsapp.<\/p>\n\n\n\n<p>La joven relat\u00f3 que su acosador aparece bajo el nombre de Jorge Quero Hern\u00e1ndez en Facebook, a quien desconoce pues no es su contacto en la red social; pero de alguna forma que ella no identifica, el hombre obtuvo su n\u00famero telef\u00f3nico para cometer el delito.<\/p>\n\n\n\n<figure class=\"wp-block-embed-twitter wp-block-embed is-type-rich is-provider-twitter\"><div class=\"wp-block-embed__wrapper\">\n<div class=\"twitter-tweet\"><blockquote class=\"twitter-tweet\" data-lang=\"es\"><p lang=\"es\" dir=\"ltr\"><a href=\"https:\/\/twitter.com\/hashtag\/%C3%9AltimoMinuto?src=hash&amp;ref_src=twsrc%5Etfw\">#\u00daltimoMinuto<\/a> <br>Un individuo la acosaba y le ped\u00eda \u201cpacks\u201d;con apoyo de sus amigos motociclistas, lo cit\u00f3 y lleg\u00f3 el acosador a Doblado y Guerrero, centro de la ciudad de Oaxaca. <br>Llam\u00f3 a la polic\u00eda del <a href=\"https:\/\/twitter.com\/MunicipioOaxaca?ref_src=twsrc%5Etfw\">@MunicipioOaxaca<\/a>, que lo detuvo pero lo solt\u00f3,porque dijo que no hab\u00eda delito. <a href=\"https:\/\/t.co\/ytsMpV7VED\">pic.twitter.com\/ytsMpV7VED<\/a><\/p>&mdash; Zona Roja Oaxaca (@MexRoja) <a href=\"https:\/\/twitter.com\/MexRoja\/status\/1294347320197177345?ref_src=twsrc%5Etfw\">14 de agosto de 2020<\/a><\/blockquote><\/div>\n<\/div><\/figure>\n\n\n\n<p>Indic\u00f3 que le pidi\u00f3 informes sobre su \u201cpack\u201d\nde fotos (paquete de fotos \u00edntimas), sobre lo cual insisti\u00f3 a pesar de\naclararle de su equivocaci\u00f3n, por lo que decidi\u00f3 \u201cponerle un cuatro\u201d.<\/p>\n\n\n\n<p>El presunto acosador fue citado en la calle\nde Manuel Doblado y lleg\u00f3, donde fue detenido por parte de unos motociclistas;\npor los hechos arrib\u00f3 a la Polic\u00eda Municipal para que efectuaran la detenci\u00f3n\noficial del acosador.<\/p>\n\n\n\n<p>Ximena narr\u00f3 que los elementos excusaron\nque no encontraron motivos o elementos suficientes para aprehender al hombre,\nquien fue liberado y abandon\u00f3 el lugar a bordo de un taxi.<\/p>\n\n\n\n<p>La v\u00edctima presentar\u00e1 su denuncia formal\nante la Fiscal\u00eda General del Estado por el delito de acoso sexual, ahora con\nmediante la denominada \u201cLey Olimpia\u201d.<\/p>\n","protected":false},"excerpt":{"rendered":"<p>Yuridiana Sosa\/Zona Roja. Oaxaca de Ju\u00e1rez, Oax., 14 de agosto de 2020.- Luego de tenderle&hellip;<\/p>\n","protected":false},"author":2,"featured_media":16268,"comment_status":"closed","ping_status":"open","sticky":false,"template":"","format":"standard","meta":{"_lmt_disableupdate":"","_lmt_disable":"","_jetpack_memberships_contains_paid_content":false,"footnotes":""},"categories":[109,51],"tags":[148],"class_list":["post-16267","post","type-post","status-publish","format-standard","has-post-thumbnail","hentry","category-minuto-a-minuto","category-zona-roja","tag-oaxaca-de-juarez"],"jetpack_featured_media_url":"https:\/\/zonaroja.com.mx\/wp-content\/uploads\/2020\/08\/Acosador-ciudad-de-oaxaca.jpg","jetpack_sharing_enabled":true,"_links":{"self":[{"href":"https:\/\/zonaroja.com.mx\/index.php?rest_route=\/wp\/v2\/posts\/16267","targetHints":{"allow":["GET"]}}],"collection":[{"href":"https:\/\/zonaroja.com.mx\/index.php?rest_route=\/wp\/v2\/posts"}],"about":[{"href":"https:\/\/zonaroja.com.mx\/index.php?rest_route=\/wp\/v2\/types\/post"}],"author":[{"embeddable":true,"href":"https:\/\/zonaroja.com.mx\/index.php?rest_route=\/wp\/v2\/users\/2"}],"replies":[{"embeddable":true,"href":"https:\/\/zonaroja.com.mx\/index.php?rest_route=%2Fwp%2Fv2%2Fcomments&post=16267"}],"version-history":[{"count":1,"href":"https:\/\/zonaroja.com.mx\/index.php?rest_route=\/wp\/v2\/posts\/16267\/revisions"}],"predecessor-version":[{"id":16269,"href":"https:\/\/zonaroja.com.mx\/index.php?rest_route=\/wp\/v2\/posts\/16267\/revisions\/16269"}],"wp:featuredmedia":[{"embeddable":true,"href":"https:\/\/zonaroja.com.mx\/index.php?rest_route=\/wp\/v2\/media\/16268"}],"wp:attachment":[{"href":"https:\/\/zonaroja.com.mx\/index.php?rest_route=%2Fwp%2Fv2%2Fmedia&parent=16267"}],"wp:term":[{"taxonomy":"category","embeddable":true,"href":"https:\/\/zonaroja.com.mx\/index.php?rest_route=%2Fwp%2Fv2%2Fcategories&post=16267"},{"taxonomy":"post_tag","embeddable":true,"href":"https:\/\/zonaroja.com.mx\/index.php?rest_route=%2Fwp%2Fv2%2Ftags&post=16267"}],"curies":[{"name":"wp","href":"https:\/\/api.w.org\/{rel}","templated":true}]}}