{"id":16270,"date":"2020-08-14T16:42:33","date_gmt":"2020-08-14T21:42:33","guid":{"rendered":"http:\/\/www.zonaroja.com.mx\/?p=16270"},"modified":"2020-08-14T16:42:35","modified_gmt":"2020-08-14T21:42:35","slug":"propone-diputada-ampliar-derechos-juridicos-de-adultos-mayores-presos","status":"publish","type":"post","link":"https:\/\/zonaroja.com.mx\/?p=16270","title":{"rendered":"Propone diputada ampliar derechos jur\u00eddicos de adultos mayores presos"},"content":{"rendered":"\n<p>Redacci\u00f3n\/Zona Roja.<\/p>\n\n\n\n<p>Oaxaca de Ju\u00e1rez, Oax. 14 de agosto de\n2020.- La diputada Magaly L\u00f3pez Dom\u00ednguez present\u00f3 al pleno del Congreso local una\niniciativa de reforma con proyecto de decreto, a la Ley para la Protecci\u00f3n de los\nDerechos de las Personas Adultas Mayores en el Estado de Oaxaca.<\/p>\n\n\n\n<p>Con ello se busca garantizar que toda\npersona mayor de edad privada de su libertad, tenga acceso a su derecho de\nvivir en una situaci\u00f3n de detenci\u00f3n compatible con su dignidad personal, lo\ncual debe ser asegurada por el Estado.<\/p>\n\n\n\n<p>La propuesta legislativa plantea\nreformar la fracci\u00f3n IV y adicionar los incisos e), f), g) y h) del art\u00edculo 9\nde la Ley para la Protecci\u00f3n de los Derechos de las personas Adultas Mayores en\nel Estado de Oaxaca.<\/p>\n\n\n\n<p>Respecto al derecho a la certeza\njur\u00eddica que establece dicha ley, se a\u00f1ade analizar si su edad fue determinante\npara la comisi\u00f3n de los hechos que le imputan, que, en caso de dictarse\nsentencia absolutoria, se vele por su inmediata libertad.<\/p>\n\n\n\n<p>Lo anterior corroborando previamente sus\ncondiciones alimentarias y de salud, a que en el establecimiento del modo y\nlugar en donde cumplir\u00e1 con la medida de prisi\u00f3n preventiva o privaci\u00f3n de la\nlibertad por la pena corporal impuesta, se tome en consideraci\u00f3n su edad,\ncondiciones f\u00edsicas y de salud.<\/p>\n\n\n\n<p>Busca tambi\u00e9n que en el establecimiento\ndel modo y lugar en donde cumplir\u00e1 con la medida de prisi\u00f3n preventiva o\nprivaci\u00f3n de la libertad por la pena corporal impuesta, se tome en\nconsideraci\u00f3n su edad, condiciones f\u00edsicas y de salud.<\/p>\n\n\n\n<p>Adem\u00e1s de que se privilegie que la\nprivaci\u00f3n de la libertad por prisi\u00f3n preventiva o sentencia condenatoria pueda\nser cumplida en sus domicilios particulares. <\/p>\n\n\n\n<p>La iniciativa con proyecto de decreto\ncon la que se busca reformar la Ley para la Protecci\u00f3n de los Derechos de las\nPersonas Adultas Mayores en el Estado de Oaxaca, se turn\u00f3 a la Comisi\u00f3n\nPermanente correspondiente para su an\u00e1lisis y dictamen.<\/p>\n","protected":false},"excerpt":{"rendered":"<p>Redacci\u00f3n\/Zona Roja. Oaxaca de Ju\u00e1rez, Oax. 14 de agosto de 2020.- La diputada Magaly L\u00f3pez&hellip;<\/p>\n","protected":false},"author":2,"featured_media":16271,"comment_status":"closed","ping_status":"open","sticky":false,"template":"","format":"standard","meta":{"_lmt_disableupdate":"","_lmt_disable":"","_jetpack_memberships_contains_paid_content":false,"footnotes":""},"categories":[109,46],"tags":[192],"class_list":["post-16270","post","type-post","status-publish","format-standard","has-post-thumbnail","hentry","category-minuto-a-minuto","category-zona-blanca","tag-diputada-magaly-lopez-dominguez"],"jetpack_featured_media_url":"https:\/\/zonaroja.com.mx\/wp-content\/uploads\/2020\/08\/Propone-diputada-Magaly-Lo\u0301pez-ampliar-derechos-juri\u0301dicos-de-adultos-mayores-privados-de-su-libertad.jpeg","jetpack_sharing_enabled":true,"_links":{"self":[{"href":"https:\/\/zonaroja.com.mx\/index.php?rest_route=\/wp\/v2\/posts\/16270","targetHints":{"allow":["GET"]}}],"collection":[{"href":"https:\/\/zonaroja.com.mx\/index.php?rest_route=\/wp\/v2\/posts"}],"about":[{"href":"https:\/\/zonaroja.com.mx\/index.php?rest_route=\/wp\/v2\/types\/post"}],"author":[{"embeddable":true,"href":"https:\/\/zonaroja.com.mx\/index.php?rest_route=\/wp\/v2\/users\/2"}],"replies":[{"embeddable":true,"href":"https:\/\/zonaroja.com.mx\/index.php?rest_route=%2Fwp%2Fv2%2Fcomments&post=16270"}],"version-history":[{"count":1,"href":"https:\/\/zonaroja.com.mx\/index.php?rest_route=\/wp\/v2\/posts\/16270\/revisions"}],"predecessor-version":[{"id":16272,"href":"https:\/\/zonaroja.com.mx\/index.php?rest_route=\/wp\/v2\/posts\/16270\/revisions\/16272"}],"wp:featuredmedia":[{"embeddable":true,"href":"https:\/\/zonaroja.com.mx\/index.php?rest_route=\/wp\/v2\/media\/16271"}],"wp:attachment":[{"href":"https:\/\/zonaroja.com.mx\/index.php?rest_route=%2Fwp%2Fv2%2Fmedia&parent=16270"}],"wp:term":[{"taxonomy":"category","embeddable":true,"href":"https:\/\/zonaroja.com.mx\/index.php?rest_route=%2Fwp%2Fv2%2Fcategories&post=16270"},{"taxonomy":"post_tag","embeddable":true,"href":"https:\/\/zonaroja.com.mx\/index.php?rest_route=%2Fwp%2Fv2%2Ftags&post=16270"}],"curies":[{"name":"wp","href":"https:\/\/api.w.org\/{rel}","templated":true}]}}