{"id":16274,"date":"2020-08-14T17:42:01","date_gmt":"2020-08-14T22:42:01","guid":{"rendered":"https:\/\/www.zonaroja.com.mx\/?p=16274"},"modified":"2020-08-14T17:42:04","modified_gmt":"2020-08-14T22:42:04","slug":"tras-dos-semanas-liberan-a-los-dos-ultimos-retenidos-en-zochiquilazala","status":"publish","type":"post","link":"https:\/\/zonaroja.com.mx\/?p=16274","title":{"rendered":"Tras dos semanas, liberan a los dos \u00faltimos retenidos en Zochiquilazala"},"content":{"rendered":"\n<p class=\"MsoNormal\">Yuridiana Sosa\/Zona Roja. <\/p>\n\n\n\n<p class=\"MsoNormal\">Oaxaca de Ju\u00e1rez, 14 de agosto de 2020.- Luego de dos semanas de permanecer retenidos por pobladores de Santos Reyes Zochiquilazala, del municipio de Santiago Juxtlahuaca, los dos \u00faltimos habitantes de San Mart\u00edn Peras \u2014de los 12 que fueron privados de su libertad\u2014, fueron liberados <a href=\"\/\/1\">este viernes<\/a>.<\/p>\n\n\n\n<p class=\"MsoNormal\">Tras varias mesas de di\u00e1logo entre las autoridades involucradas, con la intervenci\u00f3n y mediaci\u00f3n de las secretar\u00edas General de Gobierno (Segego) y de Seguridad P\u00fablica de Oaxaca (SSPO), los dos hombres quedaron libres.<\/p>\n\n\n\n<p class=\"MsoNormal\">Desde el pasado 30 de julio, un grupo de personas de Santos Reyes Zochiquilazala, presuntamente armadas, privaron de su libertad a 12 pobladores de San Mart\u00edn Peras, entre los l\u00edmites de ambas comunidades de la regi\u00f3n Mixteca y entre quienes existen antecedentes de un conflicto agrario.<\/p>\n\n\n\n<p class=\"MsoNormal\"><a href=\"\/\/3\">Este jueves<\/a>, tambi\u00e9n se registr\u00f3 la liberaci\u00f3n de un par de hombres que tambi\u00e9n permanec\u00edan retenidos.<\/p>\n\n\n\n<p class=\"MsoNormal\">Autoridades de San Mart\u00edn Peras denunciaron con anterioridad que el hecho se trataba de un secuestro, pues en el transcurso de las negociaciones que las autoridades auxiliares de Zochiquilazala y el edil de Juxtlahuaca, Nicol\u00e1s Feria, ped\u00edan a cambio de la liberaci\u00f3n de los ciudadanos cerca de 12 millones de pesos, adem\u00e1s de obra p\u00fablica.<\/p>\n\n\n\n<p>La reuni\u00f3n de conciliaci\u00f3n de hoy fue con la mediaci\u00f3n de la Secretar\u00eda General de Gobierno; sin embargo a\u00fan no se dan a conocer los acuerdos entre las partes en conflicto. <\/p>\n","protected":false},"excerpt":{"rendered":"<p>Yuridiana Sosa\/Zona Roja. Oaxaca de Ju\u00e1rez, 14 de agosto de 2020.- Luego de dos semanas&hellip;<\/p>\n","protected":false},"author":2,"featured_media":16273,"comment_status":"closed","ping_status":"open","sticky":false,"template":"","format":"standard","meta":{"_lmt_disableupdate":"","_lmt_disable":"","_jetpack_memberships_contains_paid_content":false,"footnotes":""},"categories":[109,47],"tags":[1872],"class_list":["post-16274","post","type-post","status-publish","format-standard","has-post-thumbnail","hentry","category-minuto-a-minuto","category-zona-gris","tag-san-martin-peras"],"jetpack_featured_media_url":"https:\/\/zonaroja.com.mx\/wp-content\/uploads\/2020\/08\/47d75b1c-5bc6-4386-be50-65ef92ccaecd.jpg","jetpack_sharing_enabled":true,"_links":{"self":[{"href":"https:\/\/zonaroja.com.mx\/index.php?rest_route=\/wp\/v2\/posts\/16274","targetHints":{"allow":["GET"]}}],"collection":[{"href":"https:\/\/zonaroja.com.mx\/index.php?rest_route=\/wp\/v2\/posts"}],"about":[{"href":"https:\/\/zonaroja.com.mx\/index.php?rest_route=\/wp\/v2\/types\/post"}],"author":[{"embeddable":true,"href":"https:\/\/zonaroja.com.mx\/index.php?rest_route=\/wp\/v2\/users\/2"}],"replies":[{"embeddable":true,"href":"https:\/\/zonaroja.com.mx\/index.php?rest_route=%2Fwp%2Fv2%2Fcomments&post=16274"}],"version-history":[{"count":1,"href":"https:\/\/zonaroja.com.mx\/index.php?rest_route=\/wp\/v2\/posts\/16274\/revisions"}],"predecessor-version":[{"id":16275,"href":"https:\/\/zonaroja.com.mx\/index.php?rest_route=\/wp\/v2\/posts\/16274\/revisions\/16275"}],"wp:featuredmedia":[{"embeddable":true,"href":"https:\/\/zonaroja.com.mx\/index.php?rest_route=\/wp\/v2\/media\/16273"}],"wp:attachment":[{"href":"https:\/\/zonaroja.com.mx\/index.php?rest_route=%2Fwp%2Fv2%2Fmedia&parent=16274"}],"wp:term":[{"taxonomy":"category","embeddable":true,"href":"https:\/\/zonaroja.com.mx\/index.php?rest_route=%2Fwp%2Fv2%2Fcategories&post=16274"},{"taxonomy":"post_tag","embeddable":true,"href":"https:\/\/zonaroja.com.mx\/index.php?rest_route=%2Fwp%2Fv2%2Ftags&post=16274"}],"curies":[{"name":"wp","href":"https:\/\/api.w.org\/{rel}","templated":true}]}}