{"id":16276,"date":"2020-08-14T20:16:40","date_gmt":"2020-08-15T01:16:40","guid":{"rendered":"http:\/\/www.zonaroja.com.mx\/?p=16276"},"modified":"2020-08-14T20:16:43","modified_gmt":"2020-08-15T01:16:43","slug":"en-unidad-se-construye-un-mejor-oaxaca-con-propuestas-antes-que-protestas-amic","status":"publish","type":"post","link":"https:\/\/zonaroja.com.mx\/?p=16276","title":{"rendered":"En unidad se construye un mejor Oaxaca, con propuestas antes que protestas: AMIC"},"content":{"rendered":"\n<p>Yuridiana Sosa\/Zona Roja.<\/p>\n\n\n\n<p>Oaxaca de Ju\u00e1rez, Oax., 14 de agosto de\n2020.- A fin de profesionalizar, capacitar y preparar al sector para enfrentar\nlos grandes proyectos en el estado, la Asociaci\u00f3n Mexicana de la Industria de\nla Construcci\u00f3n (AMIC) firm\u00f3 hoy un convenio de colaboraci\u00f3n con el Colegio\nOaxaque\u00f1o de Ingenieros Civiles Unidos por el Desarrollo A. C.<\/p>\n\n\n\n<p>El presidente de la AMIC, H\u00e9ctor Javier\nCh\u00e1vez Rosales, se\u00f1al\u00f3 la importancia de contar con un sector preparado para\nlograr, a trav\u00e9s de las empresas oaxaque\u00f1as, una entidad en progreso, s\u00f3lida y\nsustentable.<\/p>\n\n\n\n<p>En dicho proceso, dijo, es indispensable la unidad y los mecanismos correctos, por lo que llam\u00f3 a no bajar la guardia, no aceptar la corrupci\u00f3n y priorizar las propuestas antes de la protesta, pues esa no es la v\u00eda para lograr la consolidaci\u00f3n.<\/p>\n\n\n\n<figure class=\"wp-block-embed-twitter wp-block-embed is-type-rich is-provider-twitter\"><div class=\"wp-block-embed__wrapper\">\n<div class=\"twitter-tweet\"><blockquote class=\"twitter-tweet\" data-lang=\"es\"><p lang=\"es\" dir=\"ltr\">Firma de convenio con el <a href=\"https:\/\/twitter.com\/coicoaxaca?ref_src=twsrc%5Etfw\">@coicoaxaca<\/a> <a href=\"https:\/\/twitter.com\/hashtag\/somosAMIC?src=hash&amp;ref_src=twsrc%5Etfw\">#somosAMIC<\/a> <a href=\"https:\/\/twitter.com\/hashtag\/ConstruyamosOaxaca?src=hash&amp;ref_src=twsrc%5Etfw\">#ConstruyamosOaxaca<\/a> <a href=\"https:\/\/t.co\/M2XLtguk0c\">https:\/\/t.co\/M2XLtguk0c<\/a><\/p>&mdash; @AmicOaxaca (@AmicOaxaca1) <a href=\"https:\/\/twitter.com\/AmicOaxaca1\/status\/1294346338709184517?ref_src=twsrc%5Etfw\">14 de agosto de 2020<\/a><\/blockquote><\/div>\n<\/div><\/figure>\n\n\n\n<p>Ch\u00e1vez Rosales subray\u00f3 la relevancia de\nla firma de convenio entre ambos grupos de la construcci\u00f3n, en medio de la\npandemia por Covid-19, pues la dif\u00edcil situaci\u00f3n debe ser un referente de\nfortaleza y unidad para impulsar acciones a favor de la sociedad desde los\ndistintos \u00e1mbitos.<\/p>\n\n\n\n<p>\u201cCelebro la voluntad del Colegio para\ncoadyuvar en la construcci\u00f3n de un Oaxaca mejor, pues nuestro sector es un\nmotor de desarrollo para M\u00e9xico y Oaxaca, y no debemos bajar la guardia en la\npandemia\u201d, expres\u00f3.<\/p>\n\n\n\n<p>El representante del Colegio de Ingenieros Civiles Unidos por el Desarrollo A. C., Jos\u00e9 Guadalupe S\u00e1nchez Cruz, refrend\u00f3 el compromiso de la asociaci\u00f3n para formar parte de los proyectos hist\u00f3ricos para la entidad y de ser un impulsor de las estrategias eficientes para cumplir con los desaf\u00edos que el entorno social demanda.<\/p>\n\n\n\n<figure class=\"wp-block-embed-twitter wp-block-embed is-type-rich is-provider-twitter\"><div class=\"wp-block-embed__wrapper\">\n<div class=\"twitter-tweet\"><blockquote class=\"twitter-tweet\" data-lang=\"es\"><p lang=\"es\" dir=\"ltr\"><a href=\"https:\/\/twitter.com\/hashtag\/%C3%9AltimoMinuto?src=hash&amp;ref_src=twsrc%5Etfw\">#\u00daltimoMinuto<\/a> <br>Durante la firma hoy del convenio con el <a href=\"https:\/\/twitter.com\/coicoaxaca?ref_src=twsrc%5Etfw\">@coicoaxaca<\/a>, el presidente de la <a href=\"https:\/\/twitter.com\/AmicOaxaca1?ref_src=twsrc%5Etfw\">@AmicOaxaca1<\/a>, <a href=\"https:\/\/twitter.com\/JavierChavezRos?ref_src=twsrc%5Etfw\">@JavierChavezRos<\/a>, llam\u00f3 al gremio a la unidad y a la profesionalizaci\u00f3n, por el bien del estado; \u201cvamos a coadyuvar en la construcci\u00f3n de un Oaxaca mejor\u201d, dijo. <a href=\"https:\/\/t.co\/DdCb8fEA3L\">pic.twitter.com\/DdCb8fEA3L<\/a><\/p>&mdash; Zona Roja Oaxaca (@MexRoja) <a href=\"https:\/\/twitter.com\/MexRoja\/status\/1294354608639234048?ref_src=twsrc%5Etfw\">14 de agosto de 2020<\/a><\/blockquote><\/div>\n<\/div><\/figure>\n\n\n\n<p>Al encuentro acudieron representantes de\ndiversas dependencias del Gobierno del Estado, como de la Secretar\u00eda de las\nInfraestructuras y Ordenamiento Territorial Sustentable, y de la Coordinaci\u00f3n\nde Delegaciones de Gobierno, adem\u00e1s del titular del Instituto de Patrimonio\nCultural, Amando Boh\u00f3rquez.<\/p>\n","protected":false},"excerpt":{"rendered":"<p>Yuridiana Sosa\/Zona Roja. Oaxaca de Ju\u00e1rez, Oax., 14 de agosto de 2020.- A fin de&hellip;<\/p>\n","protected":false},"author":2,"featured_media":16277,"comment_status":"closed","ping_status":"open","sticky":false,"template":"","format":"standard","meta":{"_lmt_disableupdate":"","_lmt_disable":"","_jetpack_memberships_contains_paid_content":false,"footnotes":""},"categories":[109,46],"tags":[1918,1924],"class_list":["post-16276","post","type-post","status-publish","format-standard","has-post-thumbnail","hentry","category-minuto-a-minuto","category-zona-blanca","tag-asociacion-mexicana-de-la-industria-de-la-construccion","tag-hector-javier-chavez-rosales"],"jetpack_featured_media_url":"https:\/\/zonaroja.com.mx\/wp-content\/uploads\/2020\/08\/Firma-de-convenio-AMIC.png","jetpack_sharing_enabled":true,"_links":{"self":[{"href":"https:\/\/zonaroja.com.mx\/index.php?rest_route=\/wp\/v2\/posts\/16276","targetHints":{"allow":["GET"]}}],"collection":[{"href":"https:\/\/zonaroja.com.mx\/index.php?rest_route=\/wp\/v2\/posts"}],"about":[{"href":"https:\/\/zonaroja.com.mx\/index.php?rest_route=\/wp\/v2\/types\/post"}],"author":[{"embeddable":true,"href":"https:\/\/zonaroja.com.mx\/index.php?rest_route=\/wp\/v2\/users\/2"}],"replies":[{"embeddable":true,"href":"https:\/\/zonaroja.com.mx\/index.php?rest_route=%2Fwp%2Fv2%2Fcomments&post=16276"}],"version-history":[{"count":1,"href":"https:\/\/zonaroja.com.mx\/index.php?rest_route=\/wp\/v2\/posts\/16276\/revisions"}],"predecessor-version":[{"id":16278,"href":"https:\/\/zonaroja.com.mx\/index.php?rest_route=\/wp\/v2\/posts\/16276\/revisions\/16278"}],"wp:featuredmedia":[{"embeddable":true,"href":"https:\/\/zonaroja.com.mx\/index.php?rest_route=\/wp\/v2\/media\/16277"}],"wp:attachment":[{"href":"https:\/\/zonaroja.com.mx\/index.php?rest_route=%2Fwp%2Fv2%2Fmedia&parent=16276"}],"wp:term":[{"taxonomy":"category","embeddable":true,"href":"https:\/\/zonaroja.com.mx\/index.php?rest_route=%2Fwp%2Fv2%2Fcategories&post=16276"},{"taxonomy":"post_tag","embeddable":true,"href":"https:\/\/zonaroja.com.mx\/index.php?rest_route=%2Fwp%2Fv2%2Ftags&post=16276"}],"curies":[{"name":"wp","href":"https:\/\/api.w.org\/{rel}","templated":true}]}}