{"id":16279,"date":"2020-08-14T20:41:11","date_gmt":"2020-08-15T01:41:11","guid":{"rendered":"http:\/\/www.zonaroja.com.mx\/?p=16279"},"modified":"2020-08-14T20:41:14","modified_gmt":"2020-08-15T01:41:14","slug":"hallan-sin-vida-cuerpo-de-individuo-arrastrado-por-el-rio-en-loxicha","status":"publish","type":"post","link":"https:\/\/zonaroja.com.mx\/?p=16279","title":{"rendered":"Hallan sin vida cuerpo de individuo arrastrado por el r\u00edo en Loxicha"},"content":{"rendered":"\n<p>Redacci\u00f3n\/Zona Roja.<\/p>\n\n\n\n<p>Oaxaca de Ju\u00e1rez, Oax. 14 de agosto de\n2020.- El cuerpo sin vida de una persona del sexo masculino arrastrada el\nmi\u00e9rcoles por la corriente de un r\u00edo en San Agust\u00edn Loxicha, Oaxaca, fue\nhallada hoy sin vida.<\/p>\n\n\n\n<p>El Gobierno del Estado, a trav\u00e9s de la\nCoordinaci\u00f3n Estatal de Protecci\u00f3n Civil, inform\u00f3 que Pedro A.S. fue arrastrado\ncon su unidad de motor en el arroyo \u201cPiedra Virgen\u201d y fue localizado a la\naltura de Paso Ancho, comunidad del mismo municipio.<\/p>\n\n\n\n<p>En un comunicado, expuso que el cuerpo\nfue rescatado por integrantes de la brigada de b\u00fasqueda conformada por la\nSecretar\u00eda de la Defensa Nacional (Sedena) as\u00ed como del personal de Protecci\u00f3n\nCivil, del municipio de Santo Domingo de Morelos y elementos de la Polic\u00eda Estatal,\nas\u00ed como pobladores que se sumaron a estos trabajos.<\/p>\n\n\n\n<p>Con la recuperaci\u00f3n del cuerpo se inicia el procedimiento de entrega del mismo a los familiares y con ello concluye el operativo que inici\u00f3 este jueves 13 de agosto, dio a conocer.<\/p>\n\n\n\n<figure class=\"wp-block-image\"><img decoding=\"async\" width=\"360\" height=\"270\" src=\"http:\/\/www.zonaroja.com.mx\/wp-content\/uploads\/2020\/08\/B\u00fasqueda-ahogado-Loxicha-2.jpg\" alt=\"\" class=\"wp-image-16281\" srcset=\"https:\/\/zonaroja.com.mx\/wp-content\/uploads\/2020\/08\/B\u00fasqueda-ahogado-Loxicha-2.jpg 360w, https:\/\/zonaroja.com.mx\/wp-content\/uploads\/2020\/08\/B\u00fasqueda-ahogado-Loxicha-2-300x225.jpg 300w\" sizes=\"(max-width: 360px) 100vw, 360px\" \/><\/figure>\n","protected":false},"excerpt":{"rendered":"<p>Redacci\u00f3n\/Zona Roja. Oaxaca de Ju\u00e1rez, Oax. 14 de agosto de 2020.- El cuerpo sin vida&hellip;<\/p>\n","protected":false},"author":2,"featured_media":16280,"comment_status":"closed","ping_status":"open","sticky":false,"template":"","format":"standard","meta":{"_lmt_disableupdate":"","_lmt_disable":"","_jetpack_memberships_contains_paid_content":false,"footnotes":""},"categories":[109,47],"tags":[829],"class_list":["post-16279","post","type-post","status-publish","format-standard","has-post-thumbnail","hentry","category-minuto-a-minuto","category-zona-gris","tag-san-agustin-loxicha"],"jetpack_featured_media_url":"https:\/\/zonaroja.com.mx\/wp-content\/uploads\/2020\/08\/B\u00fasqueda-ahogado-Loxicha-1.jpg","jetpack_sharing_enabled":true,"_links":{"self":[{"href":"https:\/\/zonaroja.com.mx\/index.php?rest_route=\/wp\/v2\/posts\/16279","targetHints":{"allow":["GET"]}}],"collection":[{"href":"https:\/\/zonaroja.com.mx\/index.php?rest_route=\/wp\/v2\/posts"}],"about":[{"href":"https:\/\/zonaroja.com.mx\/index.php?rest_route=\/wp\/v2\/types\/post"}],"author":[{"embeddable":true,"href":"https:\/\/zonaroja.com.mx\/index.php?rest_route=\/wp\/v2\/users\/2"}],"replies":[{"embeddable":true,"href":"https:\/\/zonaroja.com.mx\/index.php?rest_route=%2Fwp%2Fv2%2Fcomments&post=16279"}],"version-history":[{"count":1,"href":"https:\/\/zonaroja.com.mx\/index.php?rest_route=\/wp\/v2\/posts\/16279\/revisions"}],"predecessor-version":[{"id":16282,"href":"https:\/\/zonaroja.com.mx\/index.php?rest_route=\/wp\/v2\/posts\/16279\/revisions\/16282"}],"wp:featuredmedia":[{"embeddable":true,"href":"https:\/\/zonaroja.com.mx\/index.php?rest_route=\/wp\/v2\/media\/16280"}],"wp:attachment":[{"href":"https:\/\/zonaroja.com.mx\/index.php?rest_route=%2Fwp%2Fv2%2Fmedia&parent=16279"}],"wp:term":[{"taxonomy":"category","embeddable":true,"href":"https:\/\/zonaroja.com.mx\/index.php?rest_route=%2Fwp%2Fv2%2Fcategories&post=16279"},{"taxonomy":"post_tag","embeddable":true,"href":"https:\/\/zonaroja.com.mx\/index.php?rest_route=%2Fwp%2Fv2%2Ftags&post=16279"}],"curies":[{"name":"wp","href":"https:\/\/api.w.org\/{rel}","templated":true}]}}