{"id":16293,"date":"2020-08-15T07:55:17","date_gmt":"2020-08-15T12:55:17","guid":{"rendered":"http:\/\/www.zonaroja.com.mx\/?p=16293"},"modified":"2020-08-15T07:55:19","modified_gmt":"2020-08-15T12:55:19","slug":"municipios-con-alerta-de-genero-registran-alto-indice-de-agresiones-contra-mujeres","status":"publish","type":"post","link":"https:\/\/zonaroja.com.mx\/?p=16293","title":{"rendered":"Municipios con alerta de g\u00e9nero registran alto \u00edndice de agresiones contra mujeres"},"content":{"rendered":"\n<p>Evlin\nArag\u00f3n\/Zona Roja.<\/p>\n\n\n\n<p>Oaxaca de\nJu\u00e1rez, Oax., 15 de agosto de 2020.- Son 784 agresiones en contra de mujeres las\nse han registrado en los 40 municipios con Alerta de Violencia de G\u00e9nero,\ndeclaratoria que fue emitida el 31 de agosto del 2018 y que no ha brindado los\nresultados proyectados de reducir la incidencia de delitos en perjuicio de las\noaxaque\u00f1as. <\/p>\n\n\n\n<p>\u201cA dos a\u00f1os\nde la declaratoria de la Alerta de Violencia de G\u00e9nero contra la Mujeres (AVGM)\nen 40 municipios de Oaxaca, la violencia feminicida presenta dimensiones\nparticulares, pues adem\u00e1s de las agresiones que sufren por raz\u00f3n de g\u00e9nero, las\nmujeres son discriminadas por ser ind\u00edgenas en localidades con distintos grados\nde marginaci\u00f3n\u201d. <\/p>\n\n\n\n<p>As\u00ed lo dio a\nconocer la asociaci\u00f3n civil Consorcio Oaxaca, luego del an\u00e1lisis que realiza en\ntorno a las agresiones reportada en los medios de comunicaci\u00f3n y donde refiere\nque 548 casos sucedieron en municipios con bajo o muy bajo grado de\nmarginaci\u00f3n; 212 en localidades con un grado medio; y 24 en municipio con alto\ny muy alto grado.&nbsp; <\/p>\n\n\n\n<p>En los\nmunicipios con bajo o muy bajo nivel de marginaci\u00f3n se concentran 241 casos de\ndesapariciones, 159 de violencia familiar y 74 delitos sexuales; mientras que\nlos de medio y bajo grado de marginaci\u00f3n registran la cifra m\u00e1s alta de\nfeminicidios con 174 casos.&nbsp; <\/p>\n\n\n\n<p>Las\nlocalidades con alto grado de marginaci\u00f3n que registran mayor n\u00famero de\nagresiones en contra de mujeres ind\u00edgenas son: San Juan Mixtepec, Santa Mar\u00eda\nApazco, Huautla de Jim\u00e9nez, Mazatl\u00e1n Villa de Flores, San Juan Guichicovi,\nSanto Domingo Tepuxtepec, Candelaria Loxicha, San Agust\u00edn Loxicha, San Pedro\nPochutla, Santa Mar\u00eda Tonameca, Santo Domingo de Morelos, Villa de Tututepec y\nAcatl\u00e1n de P\u00e9rez Figueroa.&nbsp;&nbsp;&nbsp; <\/p>\n\n\n\n<p>Mientras que\nlos municipios m\u00e1s violentos para las mujeres \u2013sin importar su nivel de\nmarginaci\u00f3n- y que tambi\u00e9n cuentan con alerta de violencia de g\u00e9nero son:\nOaxaca de Ju\u00e1rez, Santa Luc\u00eda del Camino, Huajuapan de Le\u00f3n, San Juan Bautista\nTuxtepec, Loma Bonita, Salina Cruz, Juchit\u00e1n de Zaragoza, San Pedro Mixtepec,\nMiahuatl\u00e1n de Porfirio D\u00edaz y Putla Villa de Guerrero.&nbsp; <\/p>\n\n\n\n<p>Para la\norganizaci\u00f3n los datos anteriormente expuestos confirman que lejos de hacerle\nfrente a la violencia feminicida, esta se ha incrementado de forma considerable\ndebido a la falta de acciones gubernamentales de emergencia que impiden que se\ngarantice la seguridad de las mujeres, por lo anterior mantienen la exigencia\ndel cese de cualquier tipo de agresi\u00f3n en contra de las mujeres y la\neliminaci\u00f3n de las desigualdades.&nbsp;&nbsp; <\/p>\n\n\n\n<p>\u201cDesde\nConsorcio Oaxaca exigimos el cese de la violencia en su contra y la eliminaci\u00f3n\nde las desigualdades producidas por la discriminaci\u00f3n, la impunidad social y\ndel Estado\u201d, sentenciaron.&nbsp; <\/p>\n\n\n\n<p>Como muestra\nde las agresiones, el pasado viernes 7 de agosto una joven mujer fue\nsecuestrada de un local comercial este viernes en la ciudad de San Juan\nBautista Tuxtepec, fue liberada m\u00e1s tarde, pero con disparos de arma de fuego\nen el cuerpo; as\u00ed mismo recientemente se registraron dos asesinatos violentos y\nuna agresi\u00f3n f\u00edsica en Mazatl\u00e1n Villa de Flores, municipio de la regi\u00f3n Ca\u00f1ada\nde Oaxaca. <\/p>\n","protected":false},"excerpt":{"rendered":"<p>Evlin Arag\u00f3n\/Zona Roja. Oaxaca de Ju\u00e1rez, Oax., 15 de agosto de 2020.- Son 784 agresiones&hellip;<\/p>\n","protected":false},"author":2,"featured_media":11887,"comment_status":"closed","ping_status":"open","sticky":false,"template":"","format":"standard","meta":{"_lmt_disableupdate":"","_lmt_disable":"","_jetpack_memberships_contains_paid_content":false,"footnotes":""},"categories":[109,51],"tags":[1093,461],"class_list":["post-16293","post","type-post","status-publish","format-standard","has-post-thumbnail","hentry","category-minuto-a-minuto","category-zona-roja","tag-consorcio-para-el-dialogo-oaxaca","tag-violencia-feminicida-oaxaca"],"jetpack_featured_media_url":"https:\/\/zonaroja.com.mx\/wp-content\/uploads\/2020\/05\/Violencia-confinamiento-mujeres.jpg","jetpack_sharing_enabled":true,"_links":{"self":[{"href":"https:\/\/zonaroja.com.mx\/index.php?rest_route=\/wp\/v2\/posts\/16293","targetHints":{"allow":["GET"]}}],"collection":[{"href":"https:\/\/zonaroja.com.mx\/index.php?rest_route=\/wp\/v2\/posts"}],"about":[{"href":"https:\/\/zonaroja.com.mx\/index.php?rest_route=\/wp\/v2\/types\/post"}],"author":[{"embeddable":true,"href":"https:\/\/zonaroja.com.mx\/index.php?rest_route=\/wp\/v2\/users\/2"}],"replies":[{"embeddable":true,"href":"https:\/\/zonaroja.com.mx\/index.php?rest_route=%2Fwp%2Fv2%2Fcomments&post=16293"}],"version-history":[{"count":1,"href":"https:\/\/zonaroja.com.mx\/index.php?rest_route=\/wp\/v2\/posts\/16293\/revisions"}],"predecessor-version":[{"id":16294,"href":"https:\/\/zonaroja.com.mx\/index.php?rest_route=\/wp\/v2\/posts\/16293\/revisions\/16294"}],"wp:featuredmedia":[{"embeddable":true,"href":"https:\/\/zonaroja.com.mx\/index.php?rest_route=\/wp\/v2\/media\/11887"}],"wp:attachment":[{"href":"https:\/\/zonaroja.com.mx\/index.php?rest_route=%2Fwp%2Fv2%2Fmedia&parent=16293"}],"wp:term":[{"taxonomy":"category","embeddable":true,"href":"https:\/\/zonaroja.com.mx\/index.php?rest_route=%2Fwp%2Fv2%2Fcategories&post=16293"},{"taxonomy":"post_tag","embeddable":true,"href":"https:\/\/zonaroja.com.mx\/index.php?rest_route=%2Fwp%2Fv2%2Ftags&post=16293"}],"curies":[{"name":"wp","href":"https:\/\/api.w.org\/{rel}","templated":true}]}}