{"id":16295,"date":"2020-08-15T08:25:19","date_gmt":"2020-08-15T13:25:19","guid":{"rendered":"http:\/\/www.zonaroja.com.mx\/?p=16295"},"modified":"2020-08-15T08:25:24","modified_gmt":"2020-08-15T13:25:24","slug":"propone-diputado-transmitir-producciones-de-cine-local-a-traves-de-la-cortv","status":"publish","type":"post","link":"https:\/\/zonaroja.com.mx\/?p=16295","title":{"rendered":"Propone diputado transmitir producciones de cine local a trav\u00e9s de la Cortv"},"content":{"rendered":"\n<p>Redacci\u00f3n\/Zona\nRoja.<\/p>\n\n\n\n<p>Oaxaca de\nJu\u00e1rez, Oax., 15 de agosto de 2020.- El presidente de la Junta de Coordinaci\u00f3n\nPol\u00edtica (Jucopo) en la 64 Legislatura de Oaxaca, Horacio Sosa Villavicencio,\npresent\u00f3 al Congreso local la iniciativa de reforma al art\u00edculo sexto, de la\nLey de la Corporaci\u00f3n Oaxaque\u00f1a de Radio y Televisi\u00f3n, con la que se busca\ntransmitir obras cinematogr\u00e1ficas locales y nacionales a las familias en la\nentidad.<\/p>\n\n\n\n<p>Lo anterior\na fin de alentar el fortalecimiento educativo, y el reconocimiento de la\ndiversidad cultural de las oaxaque\u00f1as y oaxaque\u00f1os.<\/p>\n\n\n\n<p>En la\nproposici\u00f3n legislativa, el legislador por el Partido Morena indic\u00f3 que\npareciera que el disfrutar del cine se ha convertido en M\u00e9xico y en Oaxaca, en\nuna cuesti\u00f3n de clase, porque conlleva un alto costo econ\u00f3mico, que para la\ngran mayor\u00eda de las familias resulta inaccesible, violent\u00e1ndose as\u00ed el derecho\nhumano de acceso a la cultura de los y las ciudadanas.<\/p>\n\n\n\n<p>El congresista\nargument\u00f3 que seg\u00fan estudios realizados por la C\u00e1mara Nacional de la Industria\nCinematogr\u00e1fica (Canacine), dentro de los complejos cinematogr\u00e1ficos, el 77% de\nlas carteleras corresponden a producciones internacionales, principalmente\nproducciones de Hollywood.<\/p>\n\n\n\n<p>Situaci\u00f3n\nque consider\u00f3 lamentable, pues la entidad oaxaque\u00f1a es precursora de cineastas\nmujeres y hombres talentosos, que cuentan con grandes e importantes obras\ncinematogr\u00e1ficas, que van desde cortometrajes, largometrajes, documentales y\npel\u00edculas desarrolladas diferentes contextos locales que pocas veces es\nexhibido.<\/p>\n\n\n\n<p>Debido a los\ncontenidos de las producciones, entre ellos: corrupci\u00f3n pol\u00edtica, marginaci\u00f3n\nsocial y migraci\u00f3n, entre otros temas que tocan fibras sensibles para cierto\nsector de la sociedad.<\/p>\n\n\n\n<p>Mencion\u00f3\nentre ellos: el trabajo de \u00c1ngeles Cruz, directora del cortometraje \u201cArc\u00e1ngel\u201d,\nas\u00ed como Luna Mar\u00e1n, directora del documental \u201cT\u00edo Yim\u201d, y Nicol\u00e1s Rojas,\nproductor del cortometraje \u201cTuyuko\u201d.<\/p>\n\n\n\n<p>De igual\nforma reconoci\u00f3 al productor, director y guionista Jorge P\u00e9rez Solano,\noriginario de la Mixteca oaxaque\u00f1a, que dentro de sus producciones cuenta con\nlos t\u00edtulos de pel\u00edculas como: \u201cEspiral\u201d, \u201cLa tirisia\u201d y su \u00faltima producci\u00f3n \u201cLa\nNegrada\u201d.<\/p>\n\n\n\n<p>As\u00ed como al\nproductor, guionista y director, Rigoberto P\u00e9rez Cano, originario de la Villa\nde Zaachila, en la regi\u00f3n de Valles Centrales, del cual destacan sus\nproducciones:&nbsp; \u201cXV en Zaachila\u201d, \u201cNorteado\u201d\ny \u201cCarm\u00edn Tropical\u201d.<\/p>\n\n\n\n<p>Acelo Ruiz\nVillanueva, Dinazar Urbina, Ingrid Eunice Fabi\u00e1n Gonz\u00e1lez, Yolanda Cruz M\u00f3nica\nMorales Garc\u00eda, entre otros que vienen surgiendo y abordan diversos ejes en sus\nproducciones.<\/p>\n\n\n\n<p>La propuesta\nde reforma al art\u00edculo sexto, de la Ley de la Corporaci\u00f3n Oaxaque\u00f1a de Radio y\nTelevisi\u00f3n, se turn\u00f3 a la comisi\u00f3n permanente correspondiente, para su an\u00e1lisis\ny dictamen.<\/p>\n","protected":false},"excerpt":{"rendered":"<p>Redacci\u00f3n\/Zona Roja. Oaxaca de Ju\u00e1rez, Oax., 15 de agosto de 2020.- El presidente de la&hellip;<\/p>\n","protected":false},"author":2,"featured_media":16296,"comment_status":"closed","ping_status":"open","sticky":false,"template":"","format":"standard","meta":{"_lmt_disableupdate":"","_lmt_disable":"","_jetpack_memberships_contains_paid_content":false,"footnotes":""},"categories":[109,46],"tags":[444],"class_list":["post-16295","post","type-post","status-publish","format-standard","has-post-thumbnail","hentry","category-minuto-a-minuto","category-zona-blanca","tag-horacio-sosa-villavicencio"],"jetpack_featured_media_url":"https:\/\/zonaroja.com.mx\/wp-content\/uploads\/2020\/08\/Propone-diputado-Horacio-Sosa.jpeg","jetpack_sharing_enabled":true,"_links":{"self":[{"href":"https:\/\/zonaroja.com.mx\/index.php?rest_route=\/wp\/v2\/posts\/16295","targetHints":{"allow":["GET"]}}],"collection":[{"href":"https:\/\/zonaroja.com.mx\/index.php?rest_route=\/wp\/v2\/posts"}],"about":[{"href":"https:\/\/zonaroja.com.mx\/index.php?rest_route=\/wp\/v2\/types\/post"}],"author":[{"embeddable":true,"href":"https:\/\/zonaroja.com.mx\/index.php?rest_route=\/wp\/v2\/users\/2"}],"replies":[{"embeddable":true,"href":"https:\/\/zonaroja.com.mx\/index.php?rest_route=%2Fwp%2Fv2%2Fcomments&post=16295"}],"version-history":[{"count":1,"href":"https:\/\/zonaroja.com.mx\/index.php?rest_route=\/wp\/v2\/posts\/16295\/revisions"}],"predecessor-version":[{"id":16297,"href":"https:\/\/zonaroja.com.mx\/index.php?rest_route=\/wp\/v2\/posts\/16295\/revisions\/16297"}],"wp:featuredmedia":[{"embeddable":true,"href":"https:\/\/zonaroja.com.mx\/index.php?rest_route=\/wp\/v2\/media\/16296"}],"wp:attachment":[{"href":"https:\/\/zonaroja.com.mx\/index.php?rest_route=%2Fwp%2Fv2%2Fmedia&parent=16295"}],"wp:term":[{"taxonomy":"category","embeddable":true,"href":"https:\/\/zonaroja.com.mx\/index.php?rest_route=%2Fwp%2Fv2%2Fcategories&post=16295"},{"taxonomy":"post_tag","embeddable":true,"href":"https:\/\/zonaroja.com.mx\/index.php?rest_route=%2Fwp%2Fv2%2Ftags&post=16295"}],"curies":[{"name":"wp","href":"https:\/\/api.w.org\/{rel}","templated":true}]}}