{"id":16307,"date":"2020-08-15T13:20:01","date_gmt":"2020-08-15T18:20:01","guid":{"rendered":"http:\/\/www.zonaroja.com.mx\/?p=16307"},"modified":"2020-08-15T13:20:03","modified_gmt":"2020-08-15T18:20:03","slug":"sin-atencion-oficial-pobladores-de-san-antonio-de-la-cal-suman-dos-dias-de-bloqueos","status":"publish","type":"post","link":"https:\/\/zonaroja.com.mx\/?p=16307","title":{"rendered":"Sin atenci\u00f3n oficial, pobladores de San Antonio de la Cal suman dos d\u00edas de bloqueos"},"content":{"rendered":"\n<p>Yuridiana\nSosa\/Zona Roja.<\/p>\n\n\n\n<p>Oaxaca de\nJu\u00e1rez, Oax., 15 de agosto de 2020.- Pobladores de San Antonio de la Cal\nmantienen por segundo d\u00eda bloqueada la carretera 175, en jurisdicci\u00f3n de este\nmunicipio conurbado a la capital, para exigir a la Secretar\u00eda General de\nGobierno (Segego) una mesa de di\u00e1logo para el reconocimiento de sus elecciones\npor Usos y Costumbres y la destituci\u00f3n del administrador.<\/p>\n\n\n\n<p>La\nmovilizaci\u00f3n inici\u00f3 ayer por la tarde y culmin\u00f3 cerca de la media noche, en que\ncerraron con unidades del transporte urbano, adem\u00e1s de tirar basura y llantas\nviejas en las vialidades, a la altura del crucero a la agencia de La\nExperimental. <\/p>\n\n\n\n<p>Alrededor de\nlas ocho de la ma\u00f1ana de este s\u00e1bado reanudaron sus movilizaciones para\npresionar al gobierno estatal a reconocer la elecci\u00f3n que el Tribunal Electoral\ndel Poder Judicial de la Federaci\u00f3n revoc\u00f3.<\/p>\n\n\n\n<p>La elecci\u00f3n\nde concejales municipales, por medio del Sistemas Normativos Internos, no fue\nvalidada debido a las m\u00faltiples irregularidades que se registraron en el\nproceso de elecci\u00f3n el pasado 4 de agosto, principalmente de violencia, seg\u00fan\nSala Xalapa del m\u00e1ximo \u00f3rgano electoral.<\/p>\n\n\n\n<p>Durante la\njornada, un grupo de personas ligadas al administrador Alfonso V\u00e1squez Santiago\nrealiz\u00f3 actos violentos contra personas de otras planillas; entre algunas\nacciones arrancaron lonas y pizarrones de conteo.<\/p>\n\n\n\n<p>Por los\nactos de violencia decenas de personas no pudieron emitir su voto, y en las\nmesas de registro tambi\u00e9n intentaron robar las listas de las personas que\nvotaban.<\/p>\n\n\n\n<p>Adem\u00e1s, se\nefectu\u00f3 la falsificaci\u00f3n de documentos relativos a la jornada electoral, como\nelaboraci\u00f3n de actas y expediente electoral.<\/p>\n\n\n\n<p>Pero, la\ninconformidad de la poblaci\u00f3n estall\u00f3 este viernes cuando fueron afectados con\nel servicio de recolecci\u00f3n de basura, pues se\u00f1alaron que en un acto de\ncomplicidad entre V\u00e1squez Santiago y el administrador del basurero de la\ncapital del estado, donde depositan los desechos, le fue negado el ingreso a\nlos camiones recolectores de San Antonio de la Cal para vaciar los residuos.<\/p>\n\n\n\n<p>Los\nhabitantes exigen una mesa de di\u00e1logo con la Secretar\u00eda General de Gobierno,\npues rechazan la designaci\u00f3n de administradores m\u00e1s administradores para este\nmunicipio.<\/p>\n","protected":false},"excerpt":{"rendered":"<p>Yuridiana Sosa\/Zona Roja. Oaxaca de Ju\u00e1rez, Oax., 15 de agosto de 2020.- Pobladores de San&hellip;<\/p>\n","protected":false},"author":2,"featured_media":16308,"comment_status":"closed","ping_status":"open","sticky":false,"template":"","format":"standard","meta":{"_lmt_disableupdate":"","_lmt_disable":"","_jetpack_memberships_contains_paid_content":false,"footnotes":""},"categories":[109,47],"tags":[875],"class_list":["post-16307","post","type-post","status-publish","format-standard","has-post-thumbnail","hentry","category-minuto-a-minuto","category-zona-gris","tag-san-antonio-de-la-cal"],"jetpack_featured_media_url":"https:\/\/zonaroja.com.mx\/wp-content\/uploads\/2020\/08\/Bloqueo-San-antonio-de-la-cal.jpg","jetpack_sharing_enabled":true,"_links":{"self":[{"href":"https:\/\/zonaroja.com.mx\/index.php?rest_route=\/wp\/v2\/posts\/16307","targetHints":{"allow":["GET"]}}],"collection":[{"href":"https:\/\/zonaroja.com.mx\/index.php?rest_route=\/wp\/v2\/posts"}],"about":[{"href":"https:\/\/zonaroja.com.mx\/index.php?rest_route=\/wp\/v2\/types\/post"}],"author":[{"embeddable":true,"href":"https:\/\/zonaroja.com.mx\/index.php?rest_route=\/wp\/v2\/users\/2"}],"replies":[{"embeddable":true,"href":"https:\/\/zonaroja.com.mx\/index.php?rest_route=%2Fwp%2Fv2%2Fcomments&post=16307"}],"version-history":[{"count":1,"href":"https:\/\/zonaroja.com.mx\/index.php?rest_route=\/wp\/v2\/posts\/16307\/revisions"}],"predecessor-version":[{"id":16309,"href":"https:\/\/zonaroja.com.mx\/index.php?rest_route=\/wp\/v2\/posts\/16307\/revisions\/16309"}],"wp:featuredmedia":[{"embeddable":true,"href":"https:\/\/zonaroja.com.mx\/index.php?rest_route=\/wp\/v2\/media\/16308"}],"wp:attachment":[{"href":"https:\/\/zonaroja.com.mx\/index.php?rest_route=%2Fwp%2Fv2%2Fmedia&parent=16307"}],"wp:term":[{"taxonomy":"category","embeddable":true,"href":"https:\/\/zonaroja.com.mx\/index.php?rest_route=%2Fwp%2Fv2%2Fcategories&post=16307"},{"taxonomy":"post_tag","embeddable":true,"href":"https:\/\/zonaroja.com.mx\/index.php?rest_route=%2Fwp%2Fv2%2Ftags&post=16307"}],"curies":[{"name":"wp","href":"https:\/\/api.w.org\/{rel}","templated":true}]}}