{"id":1631,"date":"2019-06-14T17:58:04","date_gmt":"2019-06-14T22:58:04","guid":{"rendered":"http:\/\/www.zonaroja.com.mx\/?p=1631"},"modified":"2019-06-14T17:58:06","modified_gmt":"2019-06-14T22:58:06","slug":"plagian-y-luego-liberan-a-dos-medicos-del-imss-en-tuxtepec","status":"publish","type":"post","link":"https:\/\/zonaroja.com.mx\/?p=1631","title":{"rendered":"Plagian y luego liberan a dos m\u00e9dicos del IMSS en Tuxtepec"},"content":{"rendered":"\n<p>Redacci\u00f3n<\/p>\n\n\n\n<p>Oaxaca de\nJu\u00e1rez, Oax., a 14 de junio de 2019.- Dos hombres presuntamente armados\nsecuestraron la tarde de este viernes a dos m\u00e9dicos del Hospital Regional n\u00famero\ntres de San Juan Bautista Tuxtepec, al norte de Oaxaca.<\/p>\n\n\n\n<p>No obstante,\ntras iniciarse una intensa b\u00fasqueda con corporaciones policiacas federal,\nestatal y municipal, fueron liberados en un sitio a\u00fan no identificado.<\/p>\n\n\n\n<p>De acuerdo\ncon reportes de la Polic\u00eda Estatal, al sistema telef\u00f3nico de emergencias se\nregistr\u00f3 una llamada para alertar el plagio de David Colmenares Santiago y\nJosu\u00e9 Mart\u00ednez Le\u00f3n, director y m\u00e9dico del hospital, respectivamente.<\/p>\n\n\n\n<p>Presuntamente\ndos individuos armados ingresaron alrededor de las 14:40 horas a las\ninstalaciones del nosocomio, ubicado sobre el bulevar Benito Ju\u00e1rez, y bajo el\nargumento de buscar materiales de curaci\u00f3n, se los llevaron por la fuerza.<\/p>\n\n\n\n<p>Tras ello, se inici\u00f3 una b\u00fasqueda policiaca; una hora m\u00e1s tarde se inform\u00f3 que ya hab\u00edan sido localizados pero no se ha precisado si fueron lastimados o amenazados. Hasta ahora, no ha habido versi\u00f3n oficial ni del ayuntamiento de Tuxtepec ni de la Vicefiscal\u00eda Regional del Istmo ni de la Secretar\u00eda de Seguridad P\u00fablica, que desmienta o confirme el plagio.<\/p>\n","protected":false},"excerpt":{"rendered":"<p>Redacci\u00f3n Oaxaca de Ju\u00e1rez, Oax., a 14 de junio de 2019.- Dos hombres presuntamente armados&hellip;<\/p>\n","protected":false},"author":2,"featured_media":1632,"comment_status":"closed","ping_status":"open","sticky":false,"template":"","format":"standard","meta":{"_lmt_disableupdate":"","_lmt_disable":"","_jetpack_memberships_contains_paid_content":false,"footnotes":""},"categories":[109,51],"tags":[111,58,110],"class_list":["post-1631","post","type-post","status-publish","format-standard","has-post-thumbnail","hentry","category-minuto-a-minuto","category-zona-roja","tag-imss-tuxtepec","tag-oaxaca","tag-secuestro"],"jetpack_featured_media_url":"https:\/\/zonaroja.com.mx\/wp-content\/uploads\/2019\/06\/IMG_0090.jpg","jetpack_sharing_enabled":true,"_links":{"self":[{"href":"https:\/\/zonaroja.com.mx\/index.php?rest_route=\/wp\/v2\/posts\/1631","targetHints":{"allow":["GET"]}}],"collection":[{"href":"https:\/\/zonaroja.com.mx\/index.php?rest_route=\/wp\/v2\/posts"}],"about":[{"href":"https:\/\/zonaroja.com.mx\/index.php?rest_route=\/wp\/v2\/types\/post"}],"author":[{"embeddable":true,"href":"https:\/\/zonaroja.com.mx\/index.php?rest_route=\/wp\/v2\/users\/2"}],"replies":[{"embeddable":true,"href":"https:\/\/zonaroja.com.mx\/index.php?rest_route=%2Fwp%2Fv2%2Fcomments&post=1631"}],"version-history":[{"count":1,"href":"https:\/\/zonaroja.com.mx\/index.php?rest_route=\/wp\/v2\/posts\/1631\/revisions"}],"predecessor-version":[{"id":1633,"href":"https:\/\/zonaroja.com.mx\/index.php?rest_route=\/wp\/v2\/posts\/1631\/revisions\/1633"}],"wp:featuredmedia":[{"embeddable":true,"href":"https:\/\/zonaroja.com.mx\/index.php?rest_route=\/wp\/v2\/media\/1632"}],"wp:attachment":[{"href":"https:\/\/zonaroja.com.mx\/index.php?rest_route=%2Fwp%2Fv2%2Fmedia&parent=1631"}],"wp:term":[{"taxonomy":"category","embeddable":true,"href":"https:\/\/zonaroja.com.mx\/index.php?rest_route=%2Fwp%2Fv2%2Fcategories&post=1631"},{"taxonomy":"post_tag","embeddable":true,"href":"https:\/\/zonaroja.com.mx\/index.php?rest_route=%2Fwp%2Fv2%2Ftags&post=1631"}],"curies":[{"name":"wp","href":"https:\/\/api.w.org\/{rel}","templated":true}]}}