{"id":16312,"date":"2020-08-15T16:11:07","date_gmt":"2020-08-15T21:11:07","guid":{"rendered":"http:\/\/www.zonaroja.com.mx\/?p=16312"},"modified":"2020-08-15T16:11:10","modified_gmt":"2020-08-15T21:11:10","slug":"supervisan-acciones-en-materia-de-salud-en-la-canada-y-la-cuenca","status":"publish","type":"post","link":"https:\/\/zonaroja.com.mx\/?p=16312","title":{"rendered":"Supervisan acciones en materia de salud en la Ca\u00f1ada y la Cuenca"},"content":{"rendered":"\n<p>Redacci\u00f3n\/Zona\nRoja.<\/p>\n\n\n\n<p>Oaxaca de\nJu\u00e1rez, Oax., 15 de agosto de 2020.- A fin de escuchar demandas, revisar\npendientes y supervisar acciones en materia sanitaria, el titular de los\nServicios de Salud de Oaxaca (SSO), Donato Casas Escamilla, se reuni\u00f3 con 16 autoridades\nde la regi\u00f3n Ca\u00f1ada y parte de la Cuenca.<\/p>\n\n\n\n<p>En el\nencuentro estuvo acompa\u00f1ado por el diputado federal por Morena, Armando\nContreras Castillo, se inform\u00f3 en un comunicado.<\/p>\n\n\n\n<p>Indic\u00f3 que respetando\nlas medidas de prevenci\u00f3n contra el Covid-19, y empleando el uso de cubrebocas,\nla sana distancia y la desinfecci\u00f3n de manos, el funcionario estatal escuch\u00f3\nlas participaciones de los ediles, quienes reconocieron su disposici\u00f3n para\nacudir a su llamado y tender los puentes de colaboraci\u00f3n que permitan mejorar\nlos servicios m\u00e9dicos en la zona.<\/p>\n\n\n\n<p>Contreras\nCastillo celebr\u00f3 la presencia de &nbsp;todos\nen la reuni\u00f3n: \u00abEste trabajo estrecho entre los gobiernos federal, estatal\ny municipales, as\u00ed como con los legisladores, sin duda ser\u00e1 de gran\ntrascendencia y resultados en beneficio de nuestra poblaci\u00f3n\u00bb, dijo.<\/p>\n\n\n\n<p>Durante su\nintervenci\u00f3n, Casas Escamilla coment\u00f3 que con el respaldo del equipo de los SSO\ny el acompa\u00f1amiento del legislador federal, se har\u00e1n las gestiones necesarias\npara atender las necesidades apremiantes de los municipios. <\/p>\n\n\n\n<p>\u00abNo\nser\u00e1 la \u00faltima vez que nos vamos a reunir; tengo toda la disposici\u00f3n para que\ntrabajemos juntos y demos continuidad a los acuerdos de hoy\u00bb, se\u00f1al\u00f3.<\/p>\n\n\n\n<p>Reconoci\u00f3\nque gran parte de las localidades ah\u00ed reunidas, son \u00e1rea de responsabilidad del\nInstituto Mexicano del Seguro Social (IMSS), \u00abpero eso no significa que no\nvamos a ir juntos a tocar puertas y buscar el apoyo de las instituciones\nfederales, porque es la encomienda que nos ha hecho el gobernador Alejandro\nMurat Hinojosa, trabajar por el bienestar de Oaxaca\u00bb.<\/p>\n\n\n\n<p>Finalmente,\nrecord\u00f3 que el pa\u00eds enfrenta actualmente una contingencia sanitaria por el Covid-19,\npor lo que exhort\u00f3 a seguir atendiendo las recomendaciones de la Secretar\u00eda de\nSalud Federal y Estatal para cuidar la salud y la vida en sus municipios, y\navanzar as\u00ed hacia la nueva normalidad de manera segura.<\/p>\n\n\n\n<p>En el\nencuentro participaron las autoridades de San Pedro Sochiapam, Santa Mar\u00eda\nP\u00e1palo, San Francisco Chapulapa, Santa Mar\u00eda Tlalixtac, San Pedro Teutila, San\nAndr\u00e9s Teotil\u00e1lpan y Concepci\u00f3n P\u00e1palo. <\/p>\n\n\n\n<p>As\u00ed como,\nSanta Ana Cuauht\u00e9moc, Co\u00e1pam de Guerrero, San Francisco Pueblo Nuevo, Santos\nReyes P\u00e1palo, San Juan Tepeuxila, San Pedro Jocotipac, Jalapa de D\u00edaz, San Juan\nBautista Tlacoatzintepec y San Pedro Ixcatl\u00e1n.<\/p>\n","protected":false},"excerpt":{"rendered":"<p>Redacci\u00f3n\/Zona Roja. Oaxaca de Ju\u00e1rez, Oax., 15 de agosto de 2020.- A fin de escuchar&hellip;<\/p>\n","protected":false},"author":2,"featured_media":16313,"comment_status":"closed","ping_status":"open","sticky":false,"template":"","format":"standard","meta":{"_lmt_disableupdate":"","_lmt_disable":"","_jetpack_memberships_contains_paid_content":false,"footnotes":""},"categories":[109,46],"tags":[1005],"class_list":["post-16312","post","type-post","status-publish","format-standard","has-post-thumbnail","hentry","category-minuto-a-minuto","category-zona-blanca","tag-servicios-de-salud-de-oaxaca-sso"],"jetpack_featured_media_url":"https:\/\/zonaroja.com.mx\/wp-content\/uploads\/2020\/08\/2.jpeg","jetpack_sharing_enabled":true,"_links":{"self":[{"href":"https:\/\/zonaroja.com.mx\/index.php?rest_route=\/wp\/v2\/posts\/16312","targetHints":{"allow":["GET"]}}],"collection":[{"href":"https:\/\/zonaroja.com.mx\/index.php?rest_route=\/wp\/v2\/posts"}],"about":[{"href":"https:\/\/zonaroja.com.mx\/index.php?rest_route=\/wp\/v2\/types\/post"}],"author":[{"embeddable":true,"href":"https:\/\/zonaroja.com.mx\/index.php?rest_route=\/wp\/v2\/users\/2"}],"replies":[{"embeddable":true,"href":"https:\/\/zonaroja.com.mx\/index.php?rest_route=%2Fwp%2Fv2%2Fcomments&post=16312"}],"version-history":[{"count":1,"href":"https:\/\/zonaroja.com.mx\/index.php?rest_route=\/wp\/v2\/posts\/16312\/revisions"}],"predecessor-version":[{"id":16314,"href":"https:\/\/zonaroja.com.mx\/index.php?rest_route=\/wp\/v2\/posts\/16312\/revisions\/16314"}],"wp:featuredmedia":[{"embeddable":true,"href":"https:\/\/zonaroja.com.mx\/index.php?rest_route=\/wp\/v2\/media\/16313"}],"wp:attachment":[{"href":"https:\/\/zonaroja.com.mx\/index.php?rest_route=%2Fwp%2Fv2%2Fmedia&parent=16312"}],"wp:term":[{"taxonomy":"category","embeddable":true,"href":"https:\/\/zonaroja.com.mx\/index.php?rest_route=%2Fwp%2Fv2%2Fcategories&post=16312"},{"taxonomy":"post_tag","embeddable":true,"href":"https:\/\/zonaroja.com.mx\/index.php?rest_route=%2Fwp%2Fv2%2Ftags&post=16312"}],"curies":[{"name":"wp","href":"https:\/\/api.w.org\/{rel}","templated":true}]}}