{"id":16315,"date":"2020-08-15T20:13:25","date_gmt":"2020-08-16T01:13:25","guid":{"rendered":"http:\/\/www.zonaroja.com.mx\/?p=16315"},"modified":"2020-08-15T20:13:29","modified_gmt":"2020-08-16T01:13:29","slug":"ni-quien-pare-vandalismo-de-normalistas-alienta-gobierno-impunidad","status":"publish","type":"post","link":"https:\/\/zonaroja.com.mx\/?p=16315","title":{"rendered":"Ni quien pare vandalismo de normalistas; alienta gobierno impunidad"},"content":{"rendered":"\n<p>Ismael\nGarc\u00eda M.\/Zona Roja.<\/p>\n\n\n\n<p>Oaxaca de\nJu\u00e1rez, Oax., 15 de agosto de 2020.- En el cuarto d\u00eda consecutivo de\nmovilizaciones, se apoderaron de autobuses urbanos y han vandalizado al menos\ncuatro oficinas p\u00fablicas y la fachada de una empresa, adem\u00e1s de realizar\nbloqueos a vialidades de la capital de Oaxaca. Y no hay autoridad que los pare.<\/p>\n\n\n\n<p>Son\nestudiantes de la Escuela Normal Biling\u00fce Intercultural de Oaxaca (ENBIO) y de\notras instituciones, adheridas a la Coordinadora Estudiantil Normalista del Estado\nde Oaxaca (CENEO), que exigen presentar examen de manera presencial, bajo el\nargumento de que no todos cuentan con las herramientas tecnol\u00f3gicas.<\/p>\n\n\n\n<p>Y el\nInstituto Estatal de Educaci\u00f3n P\u00fablica de Oaxaca (IEEPO), sin ofrecer algunas\notras alternativas, ha reiterado que es y ser\u00e1 \u00fanicamente de manera virtual, lo\nque ha desatado desmandes en toda la capital.<\/p>\n\n\n\n<p>Tan s\u00f3lo\neste s\u00e1bado, por la ma\u00f1ana se apoderaron de al menos tres camiones del\ntransporte urbano de la capital, con ellos acudieron a una oficina alterna del\nIEEPO, que se ubica en Belisario Dom\u00ednguez y Emiliano Zapata, donde\npintarrajearon las fachadas.<\/p>\n\n\n\n<p>Posterior a ello, se trasladaron a la gasoliner\u00eda \u201cFaja de Oro\u201d, en Santa Rosa Panzacola, al poniente de la capital, donde cargaron las unidades de motor con di\u00e9sel; de ah\u00ed pretend\u00edan acudir a la caseta de peaje en Huitzo, de la supercarretera Oaxaca-Cuacnopalan.<\/p>\n\n\n\n<figure class=\"wp-block-embed-twitter wp-block-embed is-type-rich is-provider-twitter\"><div class=\"wp-block-embed__wrapper\">\n<div class=\"twitter-tweet\"><blockquote class=\"twitter-tweet\" data-lang=\"es\"><p lang=\"es\" dir=\"ltr\"><a href=\"https:\/\/twitter.com\/hashtag\/%C3%9AltimoMinuto?src=hash&amp;ref_src=twsrc%5Etfw\">#\u00daltimoMinuto<\/a> <br>A cuatro d\u00edas de rechazo del <a href=\"https:\/\/twitter.com\/IEEPOGobOax?ref_src=twsrc%5Etfw\">@IEEPOGobOax<\/a> a peticiones, estudiantes normalistas siguen con sus protestas violentas; esta tarde vandalizaron la fachada de una empresa refresquera y la sede del PRI en la capital de <a href=\"https:\/\/twitter.com\/hashtag\/Oaxaca?src=hash&amp;ref_src=twsrc%5Etfw\">#Oaxaca<\/a>, adem\u00e1s de bloquear vialidades aleda\u00f1as. <a href=\"https:\/\/t.co\/ePI2S4mLvu\">pic.twitter.com\/ePI2S4mLvu<\/a><\/p>&mdash; Zona Roja Oaxaca (@MexRoja) <a href=\"https:\/\/twitter.com\/MexRoja\/status\/1294781576115560449?ref_src=twsrc%5Etfw\">15 de agosto de 2020<\/a><\/blockquote><\/div>\n<\/div><\/figure>\n\n\n\n<p>Sin embargo,\nmerodearon por la zona; por la tarde, regresaron al centro pero antes de ello,\nquemaron llantas frente al acceso de la embotelladora Pepsi, en la avenida\nOaxaca de Santa Rosa Panzacola, y luego vandalizaron la sede del Comit\u00e9\nEjecutivo Estatal del PRI.<\/p>\n\n\n\n<p>Por unos\nmomentos bloquearon una vialidad en inmediaciones del monumento a la Madre y se\nfueron a la colonia Reforma.<\/p>\n\n\n\n<p>En la calle\nde Violetas, de nuevo destrozaron vidrios, pintarrajearon y presuntamente\nsaquearon muebles y papeler\u00eda, tras lo cual huyeron al norte y al parecer se\nrefugiaron en la sede del Centro Regional de Educaci\u00f3n Normal de Oaxaca.<\/p>\n\n\n\n<p>En todos los casos, no hubo polic\u00edas, ni municipales ni estatales, que impidieran los actos vand\u00e1licos de quienes aspiran a ser docentes. El IEEPO tampoco ha emitido una postura respecto de estos hechos.<\/p>\n\n\n\n<figure class=\"wp-block-embed-twitter wp-block-embed is-type-rich is-provider-twitter\"><div class=\"wp-block-embed__wrapper\">\n<div class=\"twitter-tweet\"><blockquote class=\"twitter-tweet\" data-lang=\"es\"><p lang=\"es\" dir=\"ltr\"><a href=\"https:\/\/twitter.com\/hashtag\/OaxacaGris?src=hash&amp;ref_src=twsrc%5Etfw\">#OaxacaGris<\/a><br>Desatados los normalistas, y sin ninguna autoridad que los frene, ahora vandalizaron oficinas del Archivo Central del <a href=\"https:\/\/twitter.com\/RegCivil_GobOax?ref_src=twsrc%5Etfw\">@RegCivil_GobOax<\/a> en la capital;,habr\u00edan saqueado tambi\u00e9n equipos y documentos. <a href=\"https:\/\/t.co\/YajG6pEPid\">pic.twitter.com\/YajG6pEPid<\/a><\/p>&mdash; Zona Roja Oaxaca (@MexRoja) <a href=\"https:\/\/twitter.com\/MexRoja\/status\/1294795783171125250?ref_src=twsrc%5Etfw\">16 de agosto de 2020<\/a><\/blockquote><\/div>\n<\/div><\/figure>\n","protected":false},"excerpt":{"rendered":"<p>Ismael Garc\u00eda M.\/Zona Roja. Oaxaca de Ju\u00e1rez, Oax., 15 de agosto de 2020.- En el&hellip;<\/p>\n","protected":false},"author":2,"featured_media":16316,"comment_status":"closed","ping_status":"open","sticky":false,"template":"","format":"standard","meta":{"_lmt_disableupdate":"","_lmt_disable":"","_jetpack_memberships_contains_paid_content":false,"footnotes":""},"categories":[109,47],"tags":[1926],"class_list":["post-16315","post","type-post","status-publish","format-standard","has-post-thumbnail","hentry","category-minuto-a-minuto","category-zona-gris","tag-coordinadora-estudiantil-normalista-del-estado-de-oaxaca-ceneo"],"jetpack_featured_media_url":"https:\/\/zonaroja.com.mx\/wp-content\/uploads\/2020\/08\/Vandalismo-normalistas-PRI.jpg","jetpack_sharing_enabled":true,"_links":{"self":[{"href":"https:\/\/zonaroja.com.mx\/index.php?rest_route=\/wp\/v2\/posts\/16315","targetHints":{"allow":["GET"]}}],"collection":[{"href":"https:\/\/zonaroja.com.mx\/index.php?rest_route=\/wp\/v2\/posts"}],"about":[{"href":"https:\/\/zonaroja.com.mx\/index.php?rest_route=\/wp\/v2\/types\/post"}],"author":[{"embeddable":true,"href":"https:\/\/zonaroja.com.mx\/index.php?rest_route=\/wp\/v2\/users\/2"}],"replies":[{"embeddable":true,"href":"https:\/\/zonaroja.com.mx\/index.php?rest_route=%2Fwp%2Fv2%2Fcomments&post=16315"}],"version-history":[{"count":1,"href":"https:\/\/zonaroja.com.mx\/index.php?rest_route=\/wp\/v2\/posts\/16315\/revisions"}],"predecessor-version":[{"id":16317,"href":"https:\/\/zonaroja.com.mx\/index.php?rest_route=\/wp\/v2\/posts\/16315\/revisions\/16317"}],"wp:featuredmedia":[{"embeddable":true,"href":"https:\/\/zonaroja.com.mx\/index.php?rest_route=\/wp\/v2\/media\/16316"}],"wp:attachment":[{"href":"https:\/\/zonaroja.com.mx\/index.php?rest_route=%2Fwp%2Fv2%2Fmedia&parent=16315"}],"wp:term":[{"taxonomy":"category","embeddable":true,"href":"https:\/\/zonaroja.com.mx\/index.php?rest_route=%2Fwp%2Fv2%2Fcategories&post=16315"},{"taxonomy":"post_tag","embeddable":true,"href":"https:\/\/zonaroja.com.mx\/index.php?rest_route=%2Fwp%2Fv2%2Ftags&post=16315"}],"curies":[{"name":"wp","href":"https:\/\/api.w.org\/{rel}","templated":true}]}}