{"id":16318,"date":"2020-08-15T20:44:44","date_gmt":"2020-08-16T01:44:44","guid":{"rendered":"http:\/\/www.zonaroja.com.mx\/?p=16318"},"modified":"2020-08-15T20:44:49","modified_gmt":"2020-08-16T01:44:49","slug":"escuela-en-loma-bonita-regresa-a-clases-de-forma-presencial-y-la-clausuran","status":"publish","type":"post","link":"https:\/\/zonaroja.com.mx\/?p=16318","title":{"rendered":"Escuela en Loma Bonita regresa a clases de forma presencial y la clausuran"},"content":{"rendered":"\n<p>Yuridiana\nSosa\/Zona Roja.<\/p>\n\n\n\n<p>Oaxaca de\nJu\u00e1rez, Oax., 15 de agosto de 2020.- En medio de la contingencia por Covi-19,\nuna escuela privada de nivel medio superior del municipio de Loma Bonita, en la\nregi\u00f3n Cuenca, inici\u00f3 el ciclo escolar 2020-2021 de forma presencial, violando\nlas disposiciones de la Secretar\u00eda de Educaci\u00f3n P\u00fablica y de Salud a nivel\nnacional.<\/p>\n\n\n\n<p>En\nentrevista para \u201cTVBus Televisi\u00f3n\u201d, la regidora de Educaci\u00f3n del ayuntamiento\nde Loma Bonita, Laura Canel Gonz\u00e1lez, se\u00f1al\u00f3 que el pasado 8 de agosto\nrecibieron el reporte sobre el inicio de clases en esa instituci\u00f3n, la cual\nmanten\u00eda a un grupo de alumnos sin cubrebocas, ni sana distancia y sin otras\nmedidas de sanidad para evitar la propagaci\u00f3n del Covid-19.<\/p>\n\n\n\n<p>Se trata de\nla escuela particular Instituto \u201cJu\u00e1rez\u201d Loma Bonita, dirigida a educaci\u00f3n\nabierta para estudiar fines de semana, quienes previamente recibieron un\nexhorto el 5 de agosto para cumplir con las disposiciones del gobierno de\nM\u00e9xico, sobre evitar actividades educativas de forma presencial previo al\nregreso a clases, as\u00ed como el inicio del nuevo ciclo deber\u00eda ser a distancia.<\/p>\n\n\n\n<p>La regidora\nmanifest\u00f3 que el ayuntamiento determin\u00f3 que el municipio de Loma Bonita se\nmantiene en sem\u00e1foro rojo como medida de alerta m\u00e1xima a la poblaci\u00f3n luego de\nregistrar una oleada de decesos en julio, con m\u00e1s de 60 defunciones\nrelacionadas a Covid-19.<\/p>\n\n\n\n<p>Por ese\nmotivo, dijo, las medidas de sanada distancia deben continuar, adem\u00e1s de acatar\nlas disposiciones federales sobre el regreso a clases.<\/p>\n\n\n\n<p>Durante el\noperativo de inspecci\u00f3n y clausura por parte de las Direcciones de Educaci\u00f3n,\nSalud y Comercio, se constat\u00f3 el adeudo en el pago predial de varios a\u00f1os por\nparte de esa instituci\u00f3n. <\/p>\n\n\n\n<p>El regreso a\nclases a nivel nacional est\u00e1 determinado para el pr\u00f3ximo 24 de agosto,\nprincipalmente para el nivel b\u00e1sico y media superior, y de manera virtual.<\/p>\n","protected":false},"excerpt":{"rendered":"<p>Yuridiana Sosa\/Zona Roja. Oaxaca de Ju\u00e1rez, Oax., 15 de agosto de 2020.- En medio de&hellip;<\/p>\n","protected":false},"author":2,"featured_media":16319,"comment_status":"closed","ping_status":"open","sticky":false,"template":"","format":"standard","meta":{"_lmt_disableupdate":"","_lmt_disable":"","_jetpack_memberships_contains_paid_content":false,"footnotes":""},"categories":[109,47],"tags":[1512,188],"class_list":["post-16318","post","type-post","status-publish","format-standard","has-post-thumbnail","hentry","category-minuto-a-minuto","category-zona-gris","tag-coronavirus-oaxaca","tag-loma-bonita"],"jetpack_featured_media_url":"https:\/\/zonaroja.com.mx\/wp-content\/uploads\/2020\/08\/Clausura-Loma-Bonita.jpg","jetpack_sharing_enabled":true,"_links":{"self":[{"href":"https:\/\/zonaroja.com.mx\/index.php?rest_route=\/wp\/v2\/posts\/16318","targetHints":{"allow":["GET"]}}],"collection":[{"href":"https:\/\/zonaroja.com.mx\/index.php?rest_route=\/wp\/v2\/posts"}],"about":[{"href":"https:\/\/zonaroja.com.mx\/index.php?rest_route=\/wp\/v2\/types\/post"}],"author":[{"embeddable":true,"href":"https:\/\/zonaroja.com.mx\/index.php?rest_route=\/wp\/v2\/users\/2"}],"replies":[{"embeddable":true,"href":"https:\/\/zonaroja.com.mx\/index.php?rest_route=%2Fwp%2Fv2%2Fcomments&post=16318"}],"version-history":[{"count":1,"href":"https:\/\/zonaroja.com.mx\/index.php?rest_route=\/wp\/v2\/posts\/16318\/revisions"}],"predecessor-version":[{"id":16320,"href":"https:\/\/zonaroja.com.mx\/index.php?rest_route=\/wp\/v2\/posts\/16318\/revisions\/16320"}],"wp:featuredmedia":[{"embeddable":true,"href":"https:\/\/zonaroja.com.mx\/index.php?rest_route=\/wp\/v2\/media\/16319"}],"wp:attachment":[{"href":"https:\/\/zonaroja.com.mx\/index.php?rest_route=%2Fwp%2Fv2%2Fmedia&parent=16318"}],"wp:term":[{"taxonomy":"category","embeddable":true,"href":"https:\/\/zonaroja.com.mx\/index.php?rest_route=%2Fwp%2Fv2%2Fcategories&post=16318"},{"taxonomy":"post_tag","embeddable":true,"href":"https:\/\/zonaroja.com.mx\/index.php?rest_route=%2Fwp%2Fv2%2Ftags&post=16318"}],"curies":[{"name":"wp","href":"https:\/\/api.w.org\/{rel}","templated":true}]}}