{"id":16321,"date":"2020-08-15T20:52:54","date_gmt":"2020-08-16T01:52:54","guid":{"rendered":"http:\/\/www.zonaroja.com.mx\/?p=16321"},"modified":"2020-08-15T21:52:36","modified_gmt":"2020-08-16T02:52:36","slug":"formara-la-uabjo-parte-del-corredor-interoceanico-del-istmo","status":"publish","type":"post","link":"https:\/\/zonaroja.com.mx\/?p=16321","title":{"rendered":"Formar\u00e1 la UABJO parte del Corredor Interoce\u00e1nico del Istmo"},"content":{"rendered":"\n<p>Redacci\u00f3n\/Zona\nRoja.<\/p>\n\n\n\n<p>Oaxaca de Ju\u00e1rez, Oax., 15 de agosto de 2020.- La Universidad Aut\u00f3noma \u201cBenito Ju\u00e1rez\u201d de Oaxaca (UABJO) confirm\u00f3 que respalda el proyecto federal del Corredor Interoce\u00e1nico del Istmo de Tehuantepec y que formar\u00e1 parte de \u00e9ste, con m\u00e1s instituciones de educaci\u00f3n a distancia en la zona.<\/p>\n\n\n\n<p>\u201cEs necesario\nconocer la historia de las intervenciones fallidas en el Istmo de Tehuantepec,\npara no repetir errores y desarrollar acciones de inclusi\u00f3n de la mano con los\npueblos originarios\u201d, expres\u00f3 el rector Eduardo Bautista Mart\u00ednez.<\/p>\n\n\n\n<p>De acuerdo\ncon un comunicado de prensa, el responsable de la m\u00e1xima casa de estudios particip\u00f3\nen la mesa de di\u00e1logo \u201cEl fomento de la educaci\u00f3n superior en el Istmo de\nTehuantepec\u201d, como parte del Foro para el Fortalecimiento del Capital Humano\nrealizado por el gobierno federal.<\/p>\n\n\n\n<p>Reconoci\u00f3 la\nimportancia que el proyecto del Corredor Interoce\u00e1nico considere la\nparticipaci\u00f3n de las instituciones educativas de nivel superior, puesto que son\nlas formadoras del capital humano que sin duda impulsar\u00e1 nuevos procesos de\ndesarrollo.<\/p>\n\n\n\n<p>\u201cLa\neducaci\u00f3n superior debe ser transversal en todas las disciplinas relacionadas\ncon los derechos de las comunidades y es necesario tambi\u00e9n emprender procesos\nde informaci\u00f3n y de consulta con los tiempos adecuados para activar la\nparticipaci\u00f3n directa de las personas implicadas como agentes decisivos en las\nacciones\u201d, afirm\u00f3.<\/p>\n\n\n\n<p>Dijo que es\nimportante revalorar la regi\u00f3n, la situaci\u00f3n de los pueblos que la habitan,\ndonde convergen pobladores de culturas originarias como son los zapotecas,\nchontales, huaves, zoques y mixes, as\u00ed como realizar un diagn\u00f3stico\npormenorizado del territorio, de los recursos naturales y los saberes.<\/p>\n\n\n\n<p>Bautista\nMart\u00ednez asegur\u00f3 que la Universidad est\u00e1 dispuesta a formar parte del Corredor\nInteroce\u00e1nico y explic\u00f3 que se han dado ya los primeros pasos.<\/p>\n\n\n\n<p>Adem\u00e1s, destac\u00f3\nque la instituci\u00f3n ofrece educaci\u00f3n media y superior en dicha regi\u00f3n, a trav\u00e9s\nde la Escuela Preparatoria n\u00famero 4, la Facultad de Enfermer\u00eda y la extensi\u00f3n\nde la Facultad de Idiomas, as\u00ed como la promoci\u00f3n de cursos y talleres.<\/p>\n\n\n\n<p>As\u00ed tambi\u00e9n,\ninform\u00f3 que el 30% de la matr\u00edcula concentrada en la ciudad de Oaxaca, en las escuelas,\nfacultades e institutos, proviene de la regi\u00f3n del Istmo.<\/p>\n\n\n\n<p>Estas\nacciones emprendidas tienen la oportunidad de potencializarse a trav\u00e9s de las\nocho licenciaturas que se ofrecen a trav\u00e9s del Centro de Educaci\u00f3n Continua\nAbierta y a Distancia (CECAD), en convenio con la Universidad Nacional Aut\u00f3noma\nde M\u00e9xico (UNAM) y 4 programas acad\u00e9micos propios.<\/p>\n\n\n\n<p>Detall\u00f3 que en\nlos \u00faltimos cuatro a\u00f1os se han abierto nueve m\u00f3dulos del Centro de Educaci\u00f3n\nContinua, Abierta y Adistancia (CECAD) en comunidades de: Chahuites, El\nEspinal, Ciudad Ixtepec, Ixhuat\u00e1n, Etla, San Pablo Huitzo, Tapanatepec,\nTlaxiaco, San Juan Bautista Jayacatl\u00e1n y est\u00e1 por abrirse uno m\u00e1s en Mat\u00edas\nRomero.<\/p>\n","protected":false},"excerpt":{"rendered":"<p>Redacci\u00f3n\/Zona Roja. Oaxaca de Ju\u00e1rez, Oax., 15 de agosto de 2020.- La Universidad Aut\u00f3noma \u201cBenito&hellip;<\/p>\n","protected":false},"author":2,"featured_media":16322,"comment_status":"closed","ping_status":"open","sticky":false,"template":"","format":"standard","meta":{"_lmt_disableupdate":"","_lmt_disable":"","_jetpack_memberships_contains_paid_content":false,"footnotes":""},"categories":[109,46],"tags":[282],"class_list":["post-16321","post","type-post","status-publish","format-standard","has-post-thumbnail","hentry","category-minuto-a-minuto","category-zona-blanca","tag-universidad-autonoma-benito-juarez-de-oaxaca"],"jetpack_featured_media_url":"https:\/\/zonaroja.com.mx\/wp-content\/uploads\/2020\/08\/11-1.jpg","jetpack_sharing_enabled":true,"_links":{"self":[{"href":"https:\/\/zonaroja.com.mx\/index.php?rest_route=\/wp\/v2\/posts\/16321","targetHints":{"allow":["GET"]}}],"collection":[{"href":"https:\/\/zonaroja.com.mx\/index.php?rest_route=\/wp\/v2\/posts"}],"about":[{"href":"https:\/\/zonaroja.com.mx\/index.php?rest_route=\/wp\/v2\/types\/post"}],"author":[{"embeddable":true,"href":"https:\/\/zonaroja.com.mx\/index.php?rest_route=\/wp\/v2\/users\/2"}],"replies":[{"embeddable":true,"href":"https:\/\/zonaroja.com.mx\/index.php?rest_route=%2Fwp%2Fv2%2Fcomments&post=16321"}],"version-history":[{"count":2,"href":"https:\/\/zonaroja.com.mx\/index.php?rest_route=\/wp\/v2\/posts\/16321\/revisions"}],"predecessor-version":[{"id":16324,"href":"https:\/\/zonaroja.com.mx\/index.php?rest_route=\/wp\/v2\/posts\/16321\/revisions\/16324"}],"wp:featuredmedia":[{"embeddable":true,"href":"https:\/\/zonaroja.com.mx\/index.php?rest_route=\/wp\/v2\/media\/16322"}],"wp:attachment":[{"href":"https:\/\/zonaroja.com.mx\/index.php?rest_route=%2Fwp%2Fv2%2Fmedia&parent=16321"}],"wp:term":[{"taxonomy":"category","embeddable":true,"href":"https:\/\/zonaroja.com.mx\/index.php?rest_route=%2Fwp%2Fv2%2Fcategories&post=16321"},{"taxonomy":"post_tag","embeddable":true,"href":"https:\/\/zonaroja.com.mx\/index.php?rest_route=%2Fwp%2Fv2%2Ftags&post=16321"}],"curies":[{"name":"wp","href":"https:\/\/api.w.org\/{rel}","templated":true}]}}