{"id":16328,"date":"2020-08-15T22:26:30","date_gmt":"2020-08-16T03:26:30","guid":{"rendered":"https:\/\/www.zonaroja.com.mx\/?p=16328"},"modified":"2020-08-15T22:30:55","modified_gmt":"2020-08-16T03:30:55","slug":"contabilizan-en-oaxaca-12-mil-302-casos-acumulados-de-covid-19-2","status":"publish","type":"post","link":"https:\/\/zonaroja.com.mx\/?p=16328","title":{"rendered":"Contabilizan en Oaxaca 12 mil 302 casos acumulados de Covid-19"},"content":{"rendered":"\n<p>Redacci\u00f3n\/Zona Roja.<\/p>\n\n\n\n<p>Oaxaca de Ju\u00e1rez, Oax. 15 de agosto de 2020.- Al corte epidemiol\u00f3gico de este s\u00e1bado 15 de agosto, se registran 88 casos nuevos, que suman 12 mil 302 acumulados a Covid-19, inform\u00f3 la dependencia Servicios de Salud de Oaxaca. Asimismo, hubo nueve fallecimientos.<\/p>\n\n\n\n<p>Agreg\u00f3 que se han notificado 18 mil 377 casos, de los cuales cinco mil 224 han sido negativos, hay 851 casos sospechosos en espera de resultados por laboratorio, 10 mil 581 recuperados, nueve defunciones m\u00e1s que suman mil 144 y 577 casos activos.<\/p>\n\n\n\n<p>La Jurisdicci\u00f3n Sanitaria n\u00famero uno Valles Centrales contabiliza ocho mil 061 casos confirmados y 547 defunciones; Tuxtepec mil 565 y 227 defunciones; Istmo mil 277 y 215 defunciones; Mixteca 691 y 67 defunciones; Costa 501 y 54 defunciones y la Sierra 207 y 34 defunciones.<\/p>\n\n\n\n<p>A\u00f1adi\u00f3 que los 88 casos nuevos se distribuyen en 38 municipios, siendo los que mayor n\u00famero de casos presentan: Oaxaca de Ju\u00e1rez con 19, Santa Cruz Xoxocotl\u00e1n 11, Santa Luc\u00eda del Camino siete, San Juan Bautista Tuxtepec y Santa Mar\u00eda Atzompa cuatro cada uno, San Sebasti\u00e1n Tutla y San Pablo Etla, tres cada uno, el resto dos y uno.<\/p>\n\n\n\n<p>Se\u00f1al\u00f3 que de los 577 casos activos al corte de este s\u00e1bado, la Jurisdicci\u00f3n Sanitaria n\u00famero uno Valles Centrales registra 421, el Istmo y la Mixteca 41 cada uno, Costa 30, Tuxtepec 26 y la Sierra 18. Actualmente se reporta un 44.4% global de ocupaci\u00f3n hospitalaria, de los cuales sin ventilador es el 49.6%, y con ventilador 32.5%.<\/p>\n\n\n\n<p>De las mil 144 defunciones, el grupo de edad m\u00e1s afectado es el de 65 y m\u00e1s a\u00f1os con 497, el de 50 a 59 a\u00f1os con 279, y el de 60 a 64 a\u00f1os con 164. Por sexo, 750 son hombres y 394 mujeres; en tanto que las comorbilidades asociadas son la diabetes, hipertensi\u00f3n arterial, obesidad e insuficiencia renal. <\/p>\n","protected":false},"excerpt":{"rendered":"<p>Redacci\u00f3n\/Zona Roja. Oaxaca de Ju\u00e1rez, Oax. 15 de agosto de 2020.- Al corte epidemiol\u00f3gico de&hellip;<\/p>\n","protected":false},"author":2,"featured_media":16325,"comment_status":"closed","ping_status":"open","sticky":false,"template":"","format":"standard","meta":{"_lmt_disableupdate":"","_lmt_disable":"","_jetpack_memberships_contains_paid_content":false,"footnotes":""},"categories":[109,47],"tags":[1512],"class_list":["post-16328","post","type-post","status-publish","format-standard","has-post-thumbnail","hentry","category-minuto-a-minuto","category-zona-gris","tag-coronavirus-oaxaca"],"jetpack_featured_media_url":"https:\/\/zonaroja.com.mx\/wp-content\/uploads\/2020\/08\/59321f80-4d66-4c02-9193-bf4d1d9efb6a.jpg","jetpack_sharing_enabled":true,"_links":{"self":[{"href":"https:\/\/zonaroja.com.mx\/index.php?rest_route=\/wp\/v2\/posts\/16328","targetHints":{"allow":["GET"]}}],"collection":[{"href":"https:\/\/zonaroja.com.mx\/index.php?rest_route=\/wp\/v2\/posts"}],"about":[{"href":"https:\/\/zonaroja.com.mx\/index.php?rest_route=\/wp\/v2\/types\/post"}],"author":[{"embeddable":true,"href":"https:\/\/zonaroja.com.mx\/index.php?rest_route=\/wp\/v2\/users\/2"}],"replies":[{"embeddable":true,"href":"https:\/\/zonaroja.com.mx\/index.php?rest_route=%2Fwp%2Fv2%2Fcomments&post=16328"}],"version-history":[{"count":1,"href":"https:\/\/zonaroja.com.mx\/index.php?rest_route=\/wp\/v2\/posts\/16328\/revisions"}],"predecessor-version":[{"id":16329,"href":"https:\/\/zonaroja.com.mx\/index.php?rest_route=\/wp\/v2\/posts\/16328\/revisions\/16329"}],"wp:featuredmedia":[{"embeddable":true,"href":"https:\/\/zonaroja.com.mx\/index.php?rest_route=\/wp\/v2\/media\/16325"}],"wp:attachment":[{"href":"https:\/\/zonaroja.com.mx\/index.php?rest_route=%2Fwp%2Fv2%2Fmedia&parent=16328"}],"wp:term":[{"taxonomy":"category","embeddable":true,"href":"https:\/\/zonaroja.com.mx\/index.php?rest_route=%2Fwp%2Fv2%2Fcategories&post=16328"},{"taxonomy":"post_tag","embeddable":true,"href":"https:\/\/zonaroja.com.mx\/index.php?rest_route=%2Fwp%2Fv2%2Ftags&post=16328"}],"curies":[{"name":"wp","href":"https:\/\/api.w.org\/{rel}","templated":true}]}}