{"id":1634,"date":"2019-06-15T16:31:23","date_gmt":"2019-06-15T21:31:23","guid":{"rendered":"http:\/\/www.zonaroja.com.mx\/?p=1634"},"modified":"2019-06-15T16:31:25","modified_gmt":"2019-06-15T21:31:25","slug":"ocho-anos-despues-aprehenden-a-presunto-secuestrador","status":"publish","type":"post","link":"https:\/\/zonaroja.com.mx\/?p=1634","title":{"rendered":"Ocho a\u00f1os despu\u00e9s, aprehenden a presunto secuestrador"},"content":{"rendered":"\n<p>Redacci\u00f3n<\/p>\n\n\n\n<p>Oaxaca de\nJu\u00e1rez, Oax., a 15 de junio de 2019.- Desde un cerro alumbraron con grandes\nl\u00e1mparas al veh\u00edculo y pr\u00e1cticamente cegaron a sus ocupantes, para obligarlos a\ndetener su marcha. <\/p>\n\n\n\n<p>Eran al\nmenos cinco tipos que tras enca\u00f1onarlos con armas de grueso calibre, permitieron\nque huyera la mujer, pero plagiaron al individuo, por el cual ped\u00edan un rescate\nde tres millones de pesos.<\/p>\n\n\n\n<p>Los hechos\nsucedieron en febrero del a\u00f1o 2011, cuando la unidad de motor transitaba a la\naltura de la localidad de Yuviaga, del municipio de San Miguel del Puerto,\ncerca del paraje \u201cEl Mirador\u201d.<\/p>\n\n\n\n<p>El comando los\namag\u00f3 con armas de grueso calibre, bajaron a las v\u00edctimas con violencia y le\ndijeron a la esposa que se fuera para juntar tres millones de pesos del\nrescate.<\/p>\n\n\n\n<p>La mujer\nacudi\u00f3 a la entonces Procuradur\u00eda General de Justicia del Estado, que con\npersonal especializado comenz\u00f3 las investigaciones y finalmente logr\u00f3 d\u00edas\ndespu\u00e9s liberar a la v\u00edctima.<\/p>\n\n\n\n<p>No obstante,\nla Fiscal\u00eda General del Estado continu\u00f3 el proceso de indagatoria y finalmente\neste fin de semana, elementos de la Agencia Estatal de Investigaciones (AEI)\nlograron aprehender a uno de los presuntos secuestradores en la regi\u00f3n de la\nCosta de Oaxaca.<\/p>\n\n\n\n<p>Se trata de\nCris\u00f3foro M. Am., quien fue puesto a disposici\u00f3n del Ministerio P\u00fablico de la\nVicefiscal\u00eda Regional de la Costa, por el delito de secuestro agravado. La\nFiscal\u00eda General no ha informado con respecto a los otros cuatro participantes\ndel plagio.<\/p>\n","protected":false},"excerpt":{"rendered":"<p>Redacci\u00f3n Oaxaca de Ju\u00e1rez, Oax., a 15 de junio de 2019.- Desde un cerro alumbraron&hellip;<\/p>\n","protected":false},"author":2,"featured_media":1635,"comment_status":"closed","ping_status":"open","sticky":false,"template":"","format":"standard","meta":{"_lmt_disableupdate":"","_lmt_disable":"","_jetpack_memberships_contains_paid_content":false,"footnotes":""},"categories":[109,1,51],"tags":[81,82,112,58,79],"class_list":["post-1634","post","type-post","status-publish","format-standard","has-post-thumbnail","hentry","category-minuto-a-minuto","category-sin-categoria","category-zona-roja","tag-aei","tag-agencia-estatal-de-investigaciones","tag-costa","tag-oaxaca","tag-secuestrador"],"jetpack_featured_media_url":"https:\/\/zonaroja.com.mx\/wp-content\/uploads\/2019\/06\/Secuestrador-Cris\u00f3foro.jpg","jetpack_sharing_enabled":true,"_links":{"self":[{"href":"https:\/\/zonaroja.com.mx\/index.php?rest_route=\/wp\/v2\/posts\/1634","targetHints":{"allow":["GET"]}}],"collection":[{"href":"https:\/\/zonaroja.com.mx\/index.php?rest_route=\/wp\/v2\/posts"}],"about":[{"href":"https:\/\/zonaroja.com.mx\/index.php?rest_route=\/wp\/v2\/types\/post"}],"author":[{"embeddable":true,"href":"https:\/\/zonaroja.com.mx\/index.php?rest_route=\/wp\/v2\/users\/2"}],"replies":[{"embeddable":true,"href":"https:\/\/zonaroja.com.mx\/index.php?rest_route=%2Fwp%2Fv2%2Fcomments&post=1634"}],"version-history":[{"count":1,"href":"https:\/\/zonaroja.com.mx\/index.php?rest_route=\/wp\/v2\/posts\/1634\/revisions"}],"predecessor-version":[{"id":1636,"href":"https:\/\/zonaroja.com.mx\/index.php?rest_route=\/wp\/v2\/posts\/1634\/revisions\/1636"}],"wp:featuredmedia":[{"embeddable":true,"href":"https:\/\/zonaroja.com.mx\/index.php?rest_route=\/wp\/v2\/media\/1635"}],"wp:attachment":[{"href":"https:\/\/zonaroja.com.mx\/index.php?rest_route=%2Fwp%2Fv2%2Fmedia&parent=1634"}],"wp:term":[{"taxonomy":"category","embeddable":true,"href":"https:\/\/zonaroja.com.mx\/index.php?rest_route=%2Fwp%2Fv2%2Fcategories&post=1634"},{"taxonomy":"post_tag","embeddable":true,"href":"https:\/\/zonaroja.com.mx\/index.php?rest_route=%2Fwp%2Fv2%2Ftags&post=1634"}],"curies":[{"name":"wp","href":"https:\/\/api.w.org\/{rel}","templated":true}]}}